{"id":11163,"date":"2021-06-30T16:15:53","date_gmt":"2021-06-30T19:15:53","guid":{"rendered":"https:\/\/hostnetart.com.br\/baixada\/bancarios-cobram-do-santander-negociacao-sobre-saude-e-condicoes-de-trabalho\/"},"modified":"2021-06-30T16:15:53","modified_gmt":"2021-06-30T19:15:53","slug":"bancarios-cobram-do-santander-negociacao-sobre-saude-e-condicoes-de-trabalho","status":"publish","type":"post","link":"https:\/\/hostnetart.com.br\/baixada\/bancarios-cobram-do-santander-negociacao-sobre-saude-e-condicoes-de-trabalho\/","title":{"rendered":"Banc\u00e1rios cobram do Santander negocia\u00e7\u00e3o sobre sa\u00fade e condi\u00e7\u00f5es de trabalho"},"content":{"rendered":"<p>A Comiss\u00e3o de Organiza\u00e7\u00e3o dos Empregados (COE\/Santander) \u2013 que representa os trabalhadores nas negocia\u00e7\u00f5es frente ao banco \u2013 encaminhou, no \u00faltimo dia 23 de junho, documento contendo uma pauta de reivindica\u00e7\u00f5es sobre temas que envolvem sa\u00fade, condi\u00e7\u00f5es de trabalho e contrata\u00e7\u00f5es.<\/p>\n<p>\u00a0<\/p>\n<p><strong>Veja abaixo os temas que a COE quer debater com o Santander:<\/strong><\/p>\n<div id=\"block-blocomeionoticia\" class=\"block block-block-content block-block-contentc19e16f1-89e4-48a2-b0dd-008584265ea8 no-title\">\u00a0<\/div>\n<h2><span style=\"text-decoration: underline;\">Mensalidade de Assist\u00eancia M\u00e9dica para Trabalhadores afastados sem Complementa\u00e7\u00e3o Salarial<\/span><\/h2>\n<p>Quando o banc\u00e1rio se encontra afastado por problema de sa\u00fade, mas foi considerado apto pelo INSS e pelo m\u00e9dico do trabalho, mas n\u00e3o retornou ao trabalho, respaldado por atestado m\u00e9dico vigente emitido pelo seu m\u00e9dico particular, o banco justifica o ponto do trabalhador e o coloca em licen\u00e7a sem remunera\u00e7\u00e3o.<br \/>O Sindicato reivindica que o d\u00e9bito permane\u00e7a ocorrendo na folha de pagamento. Se o saldo for superior a 30% do sal\u00e1rio, o sindicato reivindica que o banco efetue o parcelamento do desconto.<\/p>\n<h2><span style=\"text-decoration: underline;\">WhatsApp Business<\/span><\/h2>\n<p>Os Gerentes do Santander s\u00e3o orientados a baixar o WhatsApp Business no celular particular e configurar o aplicativo para atender os clientes com o n\u00famero comercial do banco. O problema \u00e9 que esse telefone continua funcionando, mesmo depois do expediente e nos finais de semana.<\/p>\n<p>O Sindicato reivindica que o banco forne\u00e7a um aparelho celular, assim como j\u00e1 \u00e9 fornecido para os gerentes business II, e determine que o aparelho seja desligado fora do hor\u00e1rio de expediente.<\/p>\n<h2><span style=\"text-decoration: underline;\">Contrata\u00e7\u00f5es<\/span><\/h2>\n<p>Mesmo diante do aumento do n\u00famero de contas correntes, o Santander est\u00e1 promovendo um processo de redu\u00e7\u00e3o do seu quadro de funcion\u00e1rios &#8211; somente durante o per\u00edodo que compreende a pandemia de coronav\u00edrus, mais de 3 mil postos de trabalho foram eliminados, o que reduziu o contingente do banco para menos de 45 mil trabalhadores pela primeira vez desde 2012. Este cen\u00e1rio tem aumentado a sobrecarga para os remanescentes, bem como os adoecimentos pelo excesso de trabalho e de cobran\u00e7a por metas abusivas.<\/p>\n<p>O Sindicato reivindica que o banco efetue contrata\u00e7\u00f5es a fim de diminuir a sobrecarga e os adoecimentos causados, bem como para ajudar a diminuir o desemprego que afeta mais de 14 milh\u00f5es de brasileiros.<\/p>\n<p><strong>Fonte: SEEB SP<\/strong><\/p>\n","protected":false},"excerpt":{"rendered":"<p>A Comiss\u00e3o de Organiza\u00e7\u00e3o dos Empregados (COE\/Santander) \u2013 que representa os trabalhadores nas negocia\u00e7\u00f5es frente ao banco \u2013 encaminhou, no \u00faltimo dia 23 de junho, documento contendo uma pauta de reivindica\u00e7\u00f5es sobre temas que envolvem sa\u00fade, condi\u00e7\u00f5es de trabalho e contrata\u00e7\u00f5es. \u00a0 Veja abaixo os temas que a COE quer debater com o Santander: \u00a0 [&hellip;]<\/p>\n","protected":false},"author":2,"featured_media":11162,"comment_status":"","ping_status":"","sticky":false,"template":"","format":"standard","meta":{"footnotes":""},"categories":[3],"tags":[],"class_list":["post-11163","post","type-post","status-publish","format-standard","has-post-thumbnail","hentry","category-noticias"],"_links":{"self":[{"href":"https:\/\/hostnetart.com.br\/baixada\/wp-json\/wp\/v2\/posts\/11163","targetHints":{"allow":["GET"]}}],"collection":[{"href":"https:\/\/hostnetart.com.br\/baixada\/wp-json\/wp\/v2\/posts"}],"about":[{"href":"https:\/\/hostnetart.com.br\/baixada\/wp-json\/wp\/v2\/types\/post"}],"author":[{"embeddable":true,"href":"https:\/\/hostnetart.com.br\/baixada\/wp-json\/wp\/v2\/users\/2"}],"replies":[{"embeddable":true,"href":"https:\/\/hostnetart.com.br\/baixada\/wp-json\/wp\/v2\/comments?post=11163"}],"version-history":[{"count":0,"href":"https:\/\/hostnetart.com.br\/baixada\/wp-json\/wp\/v2\/posts\/11163\/revisions"}],"wp:featuredmedia":[{"embeddable":true,"href":"https:\/\/hostnetart.com.br\/baixada\/wp-json\/wp\/v2\/media\/11162"}],"wp:attachment":[{"href":"https:\/\/hostnetart.com.br\/baixada\/wp-json\/wp\/v2\/media?parent=11163"}],"wp:term":[{"taxonomy":"category","embeddable":true,"href":"https:\/\/hostnetart.com.br\/baixada\/wp-json\/wp\/v2\/categories?post=11163"},{"taxonomy":"post_tag","embeddable":true,"href":"https:\/\/hostnetart.com.br\/baixada\/wp-json\/wp\/v2\/tags?post=11163"}],"curies":[{"name":"wp","href":"https:\/\/api.w.org\/{rel}","templated":true}]}}