{"id":11159,"date":"2021-06-30T14:42:05","date_gmt":"2021-06-30T17:42:05","guid":{"rendered":"https:\/\/hostnetart.com.br\/baixada\/bancaria-do-itau-e-reintegrada-pelo-sindicato-dos-bancarios-da-baixada-fluminense\/"},"modified":"2021-06-30T14:42:05","modified_gmt":"2021-06-30T17:42:05","slug":"bancaria-do-itau-e-reintegrada-pelo-sindicato-dos-bancarios-da-baixada-fluminense","status":"publish","type":"post","link":"https:\/\/hostnetart.com.br\/baixada\/bancaria-do-itau-e-reintegrada-pelo-sindicato-dos-bancarios-da-baixada-fluminense\/","title":{"rendered":"Banc\u00e1ria do Ita\u00fa \u00e9 reintegrada pelo Sindicato dos Banc\u00e1rios da Baixada Fluminense"},"content":{"rendered":"<p>Na manh\u00e3 desta quarta-feira, 30 de junho, mais uma banc\u00e1ria foi reintegrada pelo Sindicato dos Banc\u00e1rios da Baixada Fluminense. Desta vez, uma banc\u00e1ria do Banco Ita\u00fa.<\/p>\n<p>A banc\u00e1ria Liliane Balbino da Silva teve suas fun\u00e7\u00f5es restitu\u00eddas, atrav\u00e9s de decis\u00e3o da 1a Vara do Trabalho de\u00a0Queimados. A reintegra\u00e7\u00e3o ocorreu na ag\u00eancia localizada na Pra\u00e7a Nossa Senhora da Concei\u00e7\u00e3o.\u00a0<\/p>\n<p>O resultado exitoso \u00e9 decorrente do trabalho dos Departamentos Jur\u00eddico e de Sa\u00fade do Sindicato dos Banc\u00e1rios da Baixada Fluminense.<\/p>\n<p>Liliane foi demitida\u00a0em plena pandemia do novo coronav\u00edrus, contrariando um compromisso firmado pelos grandes bancos com a categoria banc\u00e1ria de n\u00e3o demitir durante a pandemia. A banc\u00e1ria tamb\u00e9m\u00a0obteve o benef\u00edcio previdenci\u00e1rio na modalidade B-31, aux\u00edlio doen\u00e7a, durante a proje\u00e7\u00e3o do aviso pr\u00e9vio. Caracterizando que estava inapta, quando houve a demiss\u00e3o.<\/p>\n<p>\u00c9 imprescind\u00edvel que as banc\u00e1rias e os banc\u00e1rios, logo que saibam de suas demiss\u00f5es, procurem atendimento no Sindicato. O contato imediato, ap\u00f3s o desligamento, \u00e9 fundamental para que a reintegra\u00e7\u00e3o tenha sucesso e ocorra com rapidez.<\/p>\n<p><span style=\"text-decoration: underline;\">IMPORTANTE<\/span><\/p>\n<p>Em caso de demiss\u00e3o, a orienta\u00e7\u00e3o \u00e9 para que o banc\u00e1rio ou banc\u00e1ria entre em contato imediatamente com o Sindicato.<\/p>\n<p><strong>SINDICALIZE-SE<\/strong><\/p>\n","protected":false},"excerpt":{"rendered":"<p>Na manh\u00e3 desta quarta-feira, 30 de junho, mais uma banc\u00e1ria foi reintegrada pelo Sindicato dos Banc\u00e1rios da Baixada Fluminense. Desta vez, uma banc\u00e1ria do Banco Ita\u00fa. A banc\u00e1ria Liliane Balbino da Silva teve suas fun\u00e7\u00f5es restitu\u00eddas, atrav\u00e9s de decis\u00e3o da 1a Vara do Trabalho de\u00a0Queimados. A reintegra\u00e7\u00e3o ocorreu na ag\u00eancia localizada na Pra\u00e7a Nossa Senhora [&hellip;]<\/p>\n","protected":false},"author":2,"featured_media":11158,"comment_status":"","ping_status":"","sticky":false,"template":"","format":"standard","meta":{"footnotes":""},"categories":[3],"tags":[],"class_list":["post-11159","post","type-post","status-publish","format-standard","has-post-thumbnail","hentry","category-noticias"],"_links":{"self":[{"href":"https:\/\/hostnetart.com.br\/baixada\/wp-json\/wp\/v2\/posts\/11159","targetHints":{"allow":["GET"]}}],"collection":[{"href":"https:\/\/hostnetart.com.br\/baixada\/wp-json\/wp\/v2\/posts"}],"about":[{"href":"https:\/\/hostnetart.com.br\/baixada\/wp-json\/wp\/v2\/types\/post"}],"author":[{"embeddable":true,"href":"https:\/\/hostnetart.com.br\/baixada\/wp-json\/wp\/v2\/users\/2"}],"replies":[{"embeddable":true,"href":"https:\/\/hostnetart.com.br\/baixada\/wp-json\/wp\/v2\/comments?post=11159"}],"version-history":[{"count":0,"href":"https:\/\/hostnetart.com.br\/baixada\/wp-json\/wp\/v2\/posts\/11159\/revisions"}],"wp:featuredmedia":[{"embeddable":true,"href":"https:\/\/hostnetart.com.br\/baixada\/wp-json\/wp\/v2\/media\/11158"}],"wp:attachment":[{"href":"https:\/\/hostnetart.com.br\/baixada\/wp-json\/wp\/v2\/media?parent=11159"}],"wp:term":[{"taxonomy":"category","embeddable":true,"href":"https:\/\/hostnetart.com.br\/baixada\/wp-json\/wp\/v2\/categories?post=11159"},{"taxonomy":"post_tag","embeddable":true,"href":"https:\/\/hostnetart.com.br\/baixada\/wp-json\/wp\/v2\/tags?post=11159"}],"curies":[{"name":"wp","href":"https:\/\/api.w.org\/{rel}","templated":true}]}}