{"id":11153,"date":"2021-06-29T03:12:52","date_gmt":"2021-06-29T06:12:52","guid":{"rendered":"https:\/\/hostnetart.com.br\/baixada\/fenae-defende-a-caixa-e-seus-servicos-para-a-populacao-durante-audiencia-publica-sobre-privatizacoes\/"},"modified":"2021-06-29T03:12:52","modified_gmt":"2021-06-29T06:12:52","slug":"fenae-defende-a-caixa-e-seus-servicos-para-a-populacao-durante-audiencia-publica-sobre-privatizacoes","status":"publish","type":"post","link":"https:\/\/hostnetart.com.br\/baixada\/fenae-defende-a-caixa-e-seus-servicos-para-a-populacao-durante-audiencia-publica-sobre-privatizacoes\/","title":{"rendered":"Fenae defende a Caixa e seus servi\u00e7os para a popula\u00e7\u00e3o durante audi\u00eancia p\u00fablica sobre privatiza\u00e7\u00f5es"},"content":{"rendered":"<p>O presidente da Federa\u00e7\u00e3o Nacional das Associa\u00e7\u00f5es do Pessoal da Caixa Econ\u00f4mica Federal (Fenae), Sergio Takemoto, participou de uma audi\u00eancia p\u00fablica na C\u00e2mara Municipal de Goi\u00e2nia, nesta segunda-feira (28). O debate virtual foi promovido pelo vereador Mauro Rubem (PT) para tratar dos impactos das privatiza\u00e7\u00f5es das estatais nos servi\u00e7os p\u00fablicos e os preju\u00edzos para a popula\u00e7\u00e3o.\u00a0<\/p>\n<p>\u201cEstamos empenhados em contribuir e potencializar essa luta para defender o interesse do povo brasileiro\u201d, disse o vereador Mauro Rubem. Os participantes discutiram as pol\u00edticas de privatiza\u00e7\u00f5es da Caixa, dos Correios, da Eletrobras e das empresas de Goi\u00e1s \u2013 a Companhia Saneamento de Goi\u00e1s S\/A (Saneago) e a Central El\u00e9trica de Goi\u00e1s Gera\u00e7\u00e3o e Transmiss\u00e3o (CELG\/GT).\u00a0\u00a0<\/p>\n<p>Para o presidente da Fenae, o \u201croteiro\u201d do governo para privatizar as estatais \u00e9 o mesmo &#8211; esvaziar os servi\u00e7os p\u00fablicos e sucatear as empresas para justificar a venda. \u201cE a popula\u00e7\u00e3o mais carente \u00e9 a que mais vai sofrer os danos da privatiza\u00e7\u00e3o, pois \u00e9 a parte da sociedade que mais necessita das pol\u00edticas p\u00fablicas\u201d, disse Takemoto. Ele citou exemplos de como o Governo coloca em pr\u00e1tica a estrat\u00e9gia de esvaziamento dos servi\u00e7os p\u00fablicos e como a popula\u00e7\u00e3o j\u00e1 sofre os impactos.\u00a0<\/p>\n<p>Na \u00e1rea habitacional, informou Takemoto, o Governo cortou 98% dos recursos destinados \u00e0 Faixa 1 do programa Minha Casa Minha Vida (atual Casa Verde e Amarela), que atendia fam\u00edlias com renda de at\u00e9 R$ 1.800,00. De R$ 1,5 bilh\u00e3o previsto para 2021, o valor a ser repassado ser\u00e1 de somente R$ 27 milh\u00f5es &#8211; R$ 1,5 bilh\u00e3o a menos.\u00a0<\/p>\n<p>Outra pol\u00edtica social que o governo tenta reduzir na Caixa \u00e9 o Financiamento Estudantil (Fies). At\u00e9 2014, a Caixa financiou 732 mil bolsas de estudo; em 2021 ser\u00e3o somente 93 mil bolsas. \u201cUma redu\u00e7\u00e3o absurda e que vai acabar com o sonho dos filhos dos trabalhadores de terem acesso \u00e0 universidade. \u00c9 um crime com a popula\u00e7\u00e3o jovem deste pa\u00eds\u201d, ressaltou.\u00a0<\/p>\n<p>Jair Pedro Ferreira, diretor de Forma\u00e7\u00e3o da Fenae, questiona qual empresa privada vai oferecer tais servi\u00e7os p\u00fablicos para a popula\u00e7\u00e3o, quando s\u00f3 visam o lucro. \u201cQuem vai pagar o Bolsa Fam\u00edlia ou o Aux\u00edlio Emergencial? Quem vai financiar a casa pr\u00f3pria para quem ganha at\u00e9 1.800 reais? Quem vai atender a popula\u00e7\u00e3o nos locais onde os bancos privados n\u00e3o querem ir? A Caixa \u00e9 um patrim\u00f4nio dos brasileiros e n\u00e3o de dois ou tr\u00eas acionistas\u201d, defendeu Jair Pedro ao ressaltar, tamb\u00e9m, a import\u00e2ncia dos outros bancos p\u00fablicos.\u00a0<\/p>\n<p>Para a conselheira de Administra\u00e7\u00e3o da Caixa (CA\/Caixa), Rita Serrano, os processos de privatiza\u00e7\u00e3o das estatais est\u00e3o na contram\u00e3o do mundo. \u201cEnquanto no Brasil se fala que privatizar \u00e9 moderno, que os custos dos servi\u00e7os p\u00fablicos s\u00e3o altos, o mundo est\u00e1 fazendo o contr\u00e1rio disso. Estamos na contram\u00e3o em todos os sentidos, seja no respeito ao patrim\u00f4nio p\u00fablico ou aos servidores\u201d, disse a conselheira.\u00a0<\/p>\n<p>Rita Serrano citou o livro O Futuro \u00e9 P\u00fablico, traduzido pela Fenae e pelo Comit\u00ea em Defesa das Empresas P\u00fablicas a partir de um estudo holand\u00eas, que mais de 1.400 casos bem-sucedidos de reestatiza\u00e7\u00e3o em mais de 2.400 cidades de 58 pa\u00edses ao redor do mundo.\u00a0\u00a0<\/p>\n<p>Al\u00e9m de Sergio Takemoto, Rita Serrano e Jair Pedro Ferreira, participaram da audi\u00eancia a diretora de Assuntos para Aposentados e Pensionistas, Vera Le\u00e3o; o presidente da Apcef\/GO, Jo\u00e3o Fortunato e o presidente da Associa\u00e7\u00e3o dos Gerentes da Caixa Econ\u00f4mica Federal (Agecef) do estado de Goi\u00e1s, Lindonjonson Oliveira.<\/p>\n<p><strong>Fonte: Fenae<\/strong><\/p>\n","protected":false},"excerpt":{"rendered":"<p>O presidente da Federa\u00e7\u00e3o Nacional das Associa\u00e7\u00f5es do Pessoal da Caixa Econ\u00f4mica Federal (Fenae), Sergio Takemoto, participou de uma audi\u00eancia p\u00fablica na C\u00e2mara Municipal de Goi\u00e2nia, nesta segunda-feira (28). O debate virtual foi promovido pelo vereador Mauro Rubem (PT) para tratar dos impactos das privatiza\u00e7\u00f5es das estatais nos servi\u00e7os p\u00fablicos e os preju\u00edzos para a [&hellip;]<\/p>\n","protected":false},"author":2,"featured_media":11152,"comment_status":"","ping_status":"","sticky":false,"template":"","format":"standard","meta":{"footnotes":""},"categories":[3],"tags":[],"class_list":["post-11153","post","type-post","status-publish","format-standard","has-post-thumbnail","hentry","category-noticias"],"_links":{"self":[{"href":"https:\/\/hostnetart.com.br\/baixada\/wp-json\/wp\/v2\/posts\/11153","targetHints":{"allow":["GET"]}}],"collection":[{"href":"https:\/\/hostnetart.com.br\/baixada\/wp-json\/wp\/v2\/posts"}],"about":[{"href":"https:\/\/hostnetart.com.br\/baixada\/wp-json\/wp\/v2\/types\/post"}],"author":[{"embeddable":true,"href":"https:\/\/hostnetart.com.br\/baixada\/wp-json\/wp\/v2\/users\/2"}],"replies":[{"embeddable":true,"href":"https:\/\/hostnetart.com.br\/baixada\/wp-json\/wp\/v2\/comments?post=11153"}],"version-history":[{"count":0,"href":"https:\/\/hostnetart.com.br\/baixada\/wp-json\/wp\/v2\/posts\/11153\/revisions"}],"wp:featuredmedia":[{"embeddable":true,"href":"https:\/\/hostnetart.com.br\/baixada\/wp-json\/wp\/v2\/media\/11152"}],"wp:attachment":[{"href":"https:\/\/hostnetart.com.br\/baixada\/wp-json\/wp\/v2\/media?parent=11153"}],"wp:term":[{"taxonomy":"category","embeddable":true,"href":"https:\/\/hostnetart.com.br\/baixada\/wp-json\/wp\/v2\/categories?post=11153"},{"taxonomy":"post_tag","embeddable":true,"href":"https:\/\/hostnetart.com.br\/baixada\/wp-json\/wp\/v2\/tags?post=11153"}],"curies":[{"name":"wp","href":"https:\/\/api.w.org\/{rel}","templated":true}]}}