{"id":11151,"date":"2021-06-28T18:43:17","date_gmt":"2021-06-28T21:43:17","guid":{"rendered":"https:\/\/hostnetart.com.br\/baixada\/movimento-sindical-pede-ao-senado-prioridade-na-vacinacao-para-bancarios\/"},"modified":"2021-06-28T18:43:17","modified_gmt":"2021-06-28T21:43:17","slug":"movimento-sindical-pede-ao-senado-prioridade-na-vacinacao-para-bancarios","status":"publish","type":"post","link":"https:\/\/hostnetart.com.br\/baixada\/movimento-sindical-pede-ao-senado-prioridade-na-vacinacao-para-bancarios\/","title":{"rendered":"Movimento Sindical pede ao Senado prioridade na vacina\u00e7\u00e3o para banc\u00e1rios"},"content":{"rendered":"<p>O Movimento Sindical, atrav\u00e9s da Confedera\u00e7\u00e3o Nacional dos Trabalhadores do Ramo Financeiro (Contraf-CUT) e da Federa\u00e7\u00e3o Nacional das Associa\u00e7\u00f5es do Pessoal da Caixa (Fenae), enviaram, nesta segunda-feira (28), of\u00edcios\u00a0<a href=\"https:\/\/contrafcut.com.br\/of-001-2021-votacao-do-plr-1011-2000-conj\/\" target=\"_blank\" rel=\"noopener noreferrer\">ao presidente, Rodrigo Pacheco (Democratas-MG)<\/a>, e \u00e0s lideran\u00e7as partid\u00e1rias no Senado Federal, pedindo a aprova\u00e7\u00e3o do PL 1011\/2020, que inclui a categoria banc\u00e1ria como prioridade na vacina\u00e7\u00e3o prevista no Plano Nacional de Imuniza\u00e7\u00e3o (PNI) contra a Covid-19. O projeto j\u00e1 foi\u00a0<a href=\"https:\/\/contrafcut.com.br\/noticias\/pl-que-inclui-categoria-bancaria-na-vacinacao-e-aprovado-na-camara-dos-deputados\/\" target=\"_blank\" rel=\"noopener noreferrer\">aprovado pela C\u00e2mara dos Deputados<\/a>.<\/p>\n<p>\u201cA categoria est\u00e1 na linha de frente, atendendo milh\u00f5es de brasileiros que precisam dos servi\u00e7os banc\u00e1rios. Queremos vacina para todos, mas \u00e9 justo que os trabalhadores dos servi\u00e7os considerados essenciais tenham prioridade\u201d, afirmou a presidenta da Confedera\u00e7\u00e3o Nacional dos Trabalhadores do Ramo Financeiro (Contraf-CUT), Juvandia Moreira. \u201cJ\u00e1 comprovamos os riscos de se trabalhar em local fechado, como \u00e9 o caso de nossa categoria. Mas, esta \u00e9 uma medida que pode conter o cont\u00e1gio e reduzir as mortes n\u00e3o apenas entre os banc\u00e1rios, mas tamb\u00e9m entre as pessoas que precisam ser atendidas pelos banc\u00e1rios\u201d, completou.<\/p>\n<p>A Contraf-CUT tamb\u00e9m j\u00e1 entregou\u00a0<a href=\"https:\/\/contrafcut.com.br\/noticias\/ministro-da-saude-recebeu-pedido-de-prioridade-de-vacinacao-para-bancarios\/\" target=\"_blank\" rel=\"noopener noreferrer\">of\u00edcio para o ministro da Sa\u00fade<\/a>, Marcelo Queiroga, solicitando prioridade no PNI contra a Covid-19.\u00a0<a href=\"https:\/\/contrafcut.com.br\/of-13421-inclusao-da-categoria-bancaria-no-pni-covid-19-ao-ministro-da-saude\/\" target=\"_blank\" rel=\"noopener noreferrer\">O documento apresenta dados t\u00e9cnicos<\/a>\u00a0que mostram a necessidade da prioriza\u00e7\u00e3o da categoria e tem anexo, inclusive, um\u00a0<a href=\"https:\/\/contrafcut.com.br\/alcucacis-4p\/\" target=\"_blank\" rel=\"noopener noreferrer\">laudo m\u00e9dico<\/a>\u00a0explicando que a \u201ccaracter\u00edstica f\u00edsica do ambiente de trabalho propicia a maior concentra\u00e7\u00e3o do v\u00edrus e o evidente cont\u00e1gio e, devido aos necess\u00e1rios cuidados com a seguran\u00e7a, as ag\u00eancias banc\u00e1rias s\u00e3o fechadas e n\u00e3o oferecem ventila\u00e7\u00e3o e nem circula\u00e7\u00e3o natural de ar.\u201d E que \u201cestudos cient\u00edficos demonstram que um indiv\u00edduo adulto, em atividade laboral leve, com jornada de 8 horas, inspira e, portanto, exala, cerca de 4.400 litros de ar (147 inspira\u00e7\u00f5es\/minuto, 600\/700 ml por inspira\u00e7\u00e3o x 60 minutos x 8h) com varia\u00e7\u00f5es de acordo com o esfor\u00e7o f\u00edsico. Nestas condi\u00e7\u00f5es, independentemente da fala, tosse ou espirro, a emiss\u00e3o de aeross\u00f3is se propaga em suspens\u00e3o por horas no ambiente, aumentando drasticamente as possibilidades de cont\u00e1gio.\u201d<\/p>\n<p>\u201cTodos pudemos ver as enormes filas que se formaram nas imedia\u00e7\u00f5es das ag\u00eancias da Caixa Econ\u00f4mica Federal por conta dos empecilhos causados pelo governo para o pagamento do Aux\u00edlio Emergencial. As filas somente se reduziram devido ao enorme esfor\u00e7o realizado pelos empregados da Caixa. Mas, apesar de terem reduzido, elas ainda existem. S\u00e3o poucos funcion\u00e1rios para atender \u00e0 demanda\u201d, disse o presidente da Fene, Sergio Takemoto. \u201cJ\u00e1 ocorreram diversas mortes na categoria. A prioridade na vacina\u00e7\u00e3o protege os trabalhadores, mas tamb\u00e9m protege as pessoas que precisam ser atendidas pela Caixa e tamb\u00e9m pelos demais bancos\u201d, completou o presidente da Fenae, ao lembrar que o servi\u00e7o banc\u00e1rio \u00e9 considerado como essencial para o funcionamento da sociedade.<\/p>\n<h3><strong>Mortes e sequelas<\/strong><\/h3>\n<p>Dados do Cadastro Geral de Empregados e Desempregados (Caged), compilados pelo Departamento Intersindical de Estat\u00edsticas e Estudos Socioecon\u00f4micos (Dieese), mostram que a categoria banc\u00e1ria registrou um crescente n\u00famero de encerramento de contratos de trabalho por morte, seguindo uma tend\u00eancia similar aos casos de \u00f3bitos desde o in\u00edcio da pandemia do novo coronav\u00edrus.<\/p>\n<p>No primeiro trimestre de 2020 o impacto da pandemia do novo coronav\u00edrus foi quase nulo, com uma m\u00e9dia mensal de \u00f3bitos de 18,33 vidas. J\u00e1 no mesmo per\u00edodo deste ano (2021), com o agravamento da pandemia no pa\u00eds, a m\u00e9dia mensal de \u00f3bitos se elevou para 52 vidas, com crescimento de 176,4%.<\/p>\n<p>\u201cA Covid-19 j\u00e1 matou muita gente na sociedade de forma geral e na categoria especificamente. Temos que fazer tudo o que for poss\u00edvel para salvar vidas e tamb\u00e9m para evitar o cont\u00e1gio, pois, mesmo entre aqueles que escapam da morte t\u00eam sequelas grav\u00edssimas\u201d, alertou o secret\u00e1rio de Sa\u00fade da Contraf-CUT, Mauro Salles.<\/p>\n<p>A Contraf-CUT realizou, em abril, um\u00a0<a href=\"https:\/\/contrafcut.com.br\/noticias\/webinario-da-contraf-cut-aborda-as-sequelas-da-covid-19-sobre-a-saude-dos-trabalhadores\" target=\"_blank\" rel=\"noopener noreferrer\">webn\u00e1rio para tratar sobre as sequelas da doen\u00e7a<\/a>\u00a0e as consequ\u00eancias para a categoria.<\/p>\n<h3><strong>Tramita\u00e7\u00e3o do projeto<\/strong><\/h3>\n<p>O secret\u00e1rio de Rela\u00e7\u00f5es do Trabalho da Contraf-CUT, Jeferson Meira (o Jef\u00e3o), que \u00e9 o respons\u00e1vel pela entidade pelo acompanhamento dos projetos de interesse da classe trabalhadora no Congresso Nacional, ressaltou a import\u00e2ncia da press\u00e3o exercida pelas entidades sindicais banc\u00e1rias junto aos deputados de suas bases.<\/p>\n<p>\u201cFoi fundamental a luta e a press\u00e3o exercida pelos sindicatos em suas bases e tamb\u00e9m da Contraf-CUT e demais entidades nacionais junto ao Congresso. Este trabalho conjunto nos permitiu o \u00eaxito na C\u00e2mara dos Deputados. Mas, apesar de termos vencido uma batalha, a guerra ainda n\u00e3o acabou. Precisamos manter o foco para atuarmos agora junto aos senadores, solicitando apoio \u00e0 aprova\u00e7\u00e3o desse necess\u00e1rio e urgente projeto para, pelo menos, minimizar os danos causados e evitar coisa ainda pior\u201d, observou ao informar que ap\u00f3s a aprova\u00e7\u00e3o na C\u00e2mara o projeto apenas foi recebido pela coordena\u00e7\u00e3o de comiss\u00f5es permanentes, mas ainda n\u00e3o houve tramita\u00e7\u00e3o no Senado. \u201cPor isso a import\u00e2ncia destes of\u00edcios e tamb\u00e9m da continuidade da press\u00e3o dos sindicatos em suas bases, agora sobre os senadores\u201d, concluiu.<\/p>\n<p><strong>Fonte: Contraf-CUT<\/strong><\/p>\n","protected":false},"excerpt":{"rendered":"<p>O Movimento Sindical, atrav\u00e9s da Confedera\u00e7\u00e3o Nacional dos Trabalhadores do Ramo Financeiro (Contraf-CUT) e da Federa\u00e7\u00e3o Nacional das Associa\u00e7\u00f5es do Pessoal da Caixa (Fenae), enviaram, nesta segunda-feira (28), of\u00edcios\u00a0ao presidente, Rodrigo Pacheco (Democratas-MG), e \u00e0s lideran\u00e7as partid\u00e1rias no Senado Federal, pedindo a aprova\u00e7\u00e3o do PL 1011\/2020, que inclui a categoria banc\u00e1ria como prioridade na vacina\u00e7\u00e3o [&hellip;]<\/p>\n","protected":false},"author":2,"featured_media":11150,"comment_status":"","ping_status":"","sticky":false,"template":"","format":"standard","meta":{"footnotes":""},"categories":[3],"tags":[],"class_list":["post-11151","post","type-post","status-publish","format-standard","has-post-thumbnail","hentry","category-noticias"],"_links":{"self":[{"href":"https:\/\/hostnetart.com.br\/baixada\/wp-json\/wp\/v2\/posts\/11151","targetHints":{"allow":["GET"]}}],"collection":[{"href":"https:\/\/hostnetart.com.br\/baixada\/wp-json\/wp\/v2\/posts"}],"about":[{"href":"https:\/\/hostnetart.com.br\/baixada\/wp-json\/wp\/v2\/types\/post"}],"author":[{"embeddable":true,"href":"https:\/\/hostnetart.com.br\/baixada\/wp-json\/wp\/v2\/users\/2"}],"replies":[{"embeddable":true,"href":"https:\/\/hostnetart.com.br\/baixada\/wp-json\/wp\/v2\/comments?post=11151"}],"version-history":[{"count":0,"href":"https:\/\/hostnetart.com.br\/baixada\/wp-json\/wp\/v2\/posts\/11151\/revisions"}],"wp:featuredmedia":[{"embeddable":true,"href":"https:\/\/hostnetart.com.br\/baixada\/wp-json\/wp\/v2\/media\/11150"}],"wp:attachment":[{"href":"https:\/\/hostnetart.com.br\/baixada\/wp-json\/wp\/v2\/media?parent=11151"}],"wp:term":[{"taxonomy":"category","embeddable":true,"href":"https:\/\/hostnetart.com.br\/baixada\/wp-json\/wp\/v2\/categories?post=11151"},{"taxonomy":"post_tag","embeddable":true,"href":"https:\/\/hostnetart.com.br\/baixada\/wp-json\/wp\/v2\/tags?post=11151"}],"curies":[{"name":"wp","href":"https:\/\/api.w.org\/{rel}","templated":true}]}}