{"id":11145,"date":"2021-06-28T11:03:33","date_gmt":"2021-06-28T14:03:33","guid":{"rendered":"https:\/\/hostnetart.com.br\/baixada\/em-vez-de-investir-no-crescimento-do-pais-fundos-de-pensao-comecam-a-aplicar-no-exterior\/"},"modified":"2021-06-28T11:03:33","modified_gmt":"2021-06-28T14:03:33","slug":"em-vez-de-investir-no-crescimento-do-pais-fundos-de-pensao-comecam-a-aplicar-no-exterior","status":"publish","type":"post","link":"https:\/\/hostnetart.com.br\/baixada\/em-vez-de-investir-no-crescimento-do-pais-fundos-de-pensao-comecam-a-aplicar-no-exterior\/","title":{"rendered":"Em vez de investir no crescimento do pa\u00eds, fundos de pens\u00e3o come\u00e7am a aplicar no exterior"},"content":{"rendered":"<p>Soa estranho que dirigente de um dos maiores fundos de pens\u00e3o brasileiros venha comemorar publicamente o fato de estar investindo em ativos no exterior mais de 6% das reservas dos participantes vinculados \u00e0 entidade que administra. Ainda mais quando se divulga que os investimentos diretos estrangeiros no Brasil ca\u00edram nada menos que 62,1% em 2020, segundo a Confer\u00eancia das Na\u00e7\u00f5es Unidas sobre Com\u00e9rcio e Desenvolvimento (Unctad), \u00f3rg\u00e3o da ONU que deveria promover a integra\u00e7\u00e3o dos pa\u00edses em desenvolvimento na economia mundial.<\/p>\n<p>\u00c9 no m\u00ednimo question\u00e1vel que fundos de pens\u00e3o canalizem parte da poupan\u00e7a do trabalhador brasileiro para investimentos no exterior, quando assistimos \u00e0 desindustrializa\u00e7\u00e3o cada vez mais acentuada no Brasil, quando estamos \u00e0 beira de um apag\u00e3o por falta de investimentos em gera\u00e7\u00e3o de energia, quando temos grande d\u00e9ficit de investimentos em infraestrutura, quando nos faltam empreendimentos de alta tecnologia enquanto o mundo desenvolvido investe na ind\u00fastria 4.0. \u00a0<\/p>\n<hr class=\"wp-block-separator\" \/>\n<p class=\"has-background has-very-light-gray-background-color\"><strong><a href=\"https:\/\/www.redebrasilatual.com.br\/blogs\/blog-na-rede\/2021\/06\/governo-quer-tirar-trabalhadores-dos-fundos-de-pensao-e-transferir-patrimonio-aos-bancos\/\" target=\"_blank\" rel=\"noopener noreferrer\">:: Governo quer tirar trabalhadores dos fundos de pens\u00e3o e transferir patrim\u00f4nio aos bancos ::<\/a><\/strong><\/p>\n<hr class=\"wp-block-separator\" \/>\n<p>Estes e outros segmentos da economia comportam investimentos de longa matura\u00e7\u00e3o, que podem casar muito bem com os passivos previdenci\u00e1rios de longo prazo dos fundos de pens\u00e3o, desde que ofere\u00e7am remunera\u00e7\u00e3o adequada e os riscos sejam controlados e mitigados. A poupan\u00e7a acumulada pelo trabalhador poderia ser investida aqui mesmo, para dinamizar a economia, gerar emprego e renda e assim conseguir retornos adequados, em vez de submeter estas reservas ao risco cambial, direcionando recursos para pa\u00edses que j\u00e1 tem poupan\u00e7a suficiente. O crescimento da economia brasileira pode, ao final, melhorar o retorno dos ativos e os ganhos dos fundos de pens\u00e3o e assim multiplicar a poupan\u00e7a do trabalhador.<\/p>\n<p>O Brasil e outros pa\u00edses da Am\u00e9rica Latina, infelizmente, concentram cada vez mais suas atividades na produ\u00e7\u00e3o e exporta\u00e7\u00e3o de commodities agr\u00edcolas e minerais, atividades de baixo valor agregado e cujos pre\u00e7os s\u00e3o estabelecidos pelos grandes traders estrangeiros, que abocanham a parte do le\u00e3o nos lucros da comercializa\u00e7\u00e3o mundial destes produtos. Este cen\u00e1rio precisa mudar e, para isso, \u00e9 necess\u00e1rio investir nos segmentos mais din\u00e2micos e modernos da economia, em vez de canalizar recursos para o exterior como come\u00e7am a fazer os fundos de pens\u00e3o.<\/p>\n<p>Os fundos de pens\u00e3o brasileiros continuam concentrando seus investimentos em ativos de renda fixa, sobretudo t\u00edtulos p\u00fablicos federais, atitude compreens\u00edvel neste pa\u00eds que vinha praticando uma das mais altas taxas de juros do mundo. Mas a realidade vem se alterando nos \u00faltimos anos, os t\u00edtulos p\u00fablicos vinculados \u00e0 Selic chegam a oferecer rendimento real negativo, exigindo altera\u00e7\u00e3o no portf\u00f3lio de investimentos das entidades de previd\u00eancia.<\/p>\n<p>Ao final de 2020, os fundos de pens\u00e3o fechados (aqueles patrocinados por empresas para seus empregados) investiam 73% do patrim\u00f4nio do trabalhador em renda fixa. Nos fundos abertos, os VGBL e PGBL vendidos pelos bancos, nada menos que 93% eram aplicados em renda fixa. Os fundos fechados investiam somente 20% de seu patrim\u00f4nio em renda vari\u00e1vel, em a\u00e7\u00f5es de empresas produtivas, e somente 1,2% em investimentos estruturados, em empresas emergentes com grande potencial de valoriza\u00e7\u00e3o e inova\u00e7\u00e3o.<\/p>\n<p>Durante muitos anos, dirigentes de fundos de pens\u00e3o se acostumaram ao c\u00edrculo vicioso do rentismo e do ganho f\u00e1cil com o financiamento da d\u00edvida p\u00fablica. Agora, precisam buscar alternativas em busca de retorno adequado. Que a sa\u00edda n\u00e3o seja a sala de embarque internacional dos aeroportos.<\/p>\n<hr class=\"wp-block-separator\" \/>\n<p><strong><em>*Jos\u00e9 Ricardo Sasseron<\/em><\/strong><em>\u00a0foi presidente da Associa\u00e7\u00e3o Nacional de Participantes de Fundos de Pens\u00e3o e de Benefici\u00e1rios de Sa\u00fade Suplementar de Autogest\u00e3o (<a href=\"https:\/\/www.anapar.com.br\/\" target=\"_blank\" rel=\"noopener noreferrer\">Anapar<\/a>), diretor de Seguridade da Previ e diretor do Sindicato dos Banc\u00e1rios de S\u00e3o Paulo, Osasco e Regi\u00e3o<\/em><\/p>\n<p><span style=\"text-decoration: underline;\"><strong>Fonte: Rede Brasil Atual<\/strong><\/span><\/p>\n","protected":false},"excerpt":{"rendered":"<p>Soa estranho que dirigente de um dos maiores fundos de pens\u00e3o brasileiros venha comemorar publicamente o fato de estar investindo em ativos no exterior mais de 6% das reservas dos participantes vinculados \u00e0 entidade que administra. Ainda mais quando se divulga que os investimentos diretos estrangeiros no Brasil ca\u00edram nada menos que 62,1% em 2020, [&hellip;]<\/p>\n","protected":false},"author":2,"featured_media":11144,"comment_status":"","ping_status":"","sticky":false,"template":"","format":"standard","meta":{"footnotes":""},"categories":[3],"tags":[],"class_list":["post-11145","post","type-post","status-publish","format-standard","has-post-thumbnail","hentry","category-noticias"],"_links":{"self":[{"href":"https:\/\/hostnetart.com.br\/baixada\/wp-json\/wp\/v2\/posts\/11145","targetHints":{"allow":["GET"]}}],"collection":[{"href":"https:\/\/hostnetart.com.br\/baixada\/wp-json\/wp\/v2\/posts"}],"about":[{"href":"https:\/\/hostnetart.com.br\/baixada\/wp-json\/wp\/v2\/types\/post"}],"author":[{"embeddable":true,"href":"https:\/\/hostnetart.com.br\/baixada\/wp-json\/wp\/v2\/users\/2"}],"replies":[{"embeddable":true,"href":"https:\/\/hostnetart.com.br\/baixada\/wp-json\/wp\/v2\/comments?post=11145"}],"version-history":[{"count":0,"href":"https:\/\/hostnetart.com.br\/baixada\/wp-json\/wp\/v2\/posts\/11145\/revisions"}],"wp:featuredmedia":[{"embeddable":true,"href":"https:\/\/hostnetart.com.br\/baixada\/wp-json\/wp\/v2\/media\/11144"}],"wp:attachment":[{"href":"https:\/\/hostnetart.com.br\/baixada\/wp-json\/wp\/v2\/media?parent=11145"}],"wp:term":[{"taxonomy":"category","embeddable":true,"href":"https:\/\/hostnetart.com.br\/baixada\/wp-json\/wp\/v2\/categories?post=11145"},{"taxonomy":"post_tag","embeddable":true,"href":"https:\/\/hostnetart.com.br\/baixada\/wp-json\/wp\/v2\/tags?post=11145"}],"curies":[{"name":"wp","href":"https:\/\/api.w.org\/{rel}","templated":true}]}}