{"id":11143,"date":"2021-06-25T18:18:28","date_gmt":"2021-06-25T21:18:28","guid":{"rendered":"https:\/\/hostnetart.com.br\/baixada\/fetraf-rj-es-fara-palestra-sobre-a-lei-geral-de-protecao-de-dados-nesta-quarta-feira-30-6\/"},"modified":"2021-06-25T18:18:28","modified_gmt":"2021-06-25T21:18:28","slug":"fetraf-rj-es-fara-palestra-sobre-a-lei-geral-de-protecao-de-dados-nesta-quarta-feira-30-6","status":"publish","type":"post","link":"https:\/\/hostnetart.com.br\/baixada\/fetraf-rj-es-fara-palestra-sobre-a-lei-geral-de-protecao-de-dados-nesta-quarta-feira-30-6\/","title":{"rendered":"Fetraf RJ\/ES far\u00e1 palestra sobre a Lei Geral de Prote\u00e7\u00e3o de Dados nesta quarta-feira (30\/6)"},"content":{"rendered":"<p>\u00a0<\/p>\n<p>Nesta quarta-feira, dia 30 de junho, \u00e0s 17 horas, a Secretaria Jur\u00eddica da Federa\u00e7\u00e3o dos Trabalhadores do Ramo Financeiro dos Estados do Rio de Janeiro e Espi\u0301rito Santo (Fetraf RJ\/ES) realizar\u00e1, com seu Assessor Jur\u00eddico, Dr. Murilo Baptista, uma palestra sobre a &#8220;Lei Geral de Prote\u00e7\u00e3o de Dados&#8221; (LGPD). O evento ser\u00e1 realizado de forma virtual.<\/p>\n<p>A palestra tem como objetivo\u00a0debater os passos necess\u00e1rios para uma implementa\u00e7\u00e3o efetiva da Lei Geral de Prote\u00e7\u00e3o de Dados, por meio da an\u00e1lise dos institutos mais importantes incorporados ao ordenamento jur\u00eddico p\u00e1trio, atrav\u00e9s desta lei, al\u00e9m de identificar os pontos com maior probabilidade de demandar posicionamento dos Tribunais acerca de sua interpreta\u00e7\u00e3o.<\/p>\n<p>Considerando a entrada em vigor da LGPD, em setembro do ano passado, a palestra debater\u00e1 os temas centrais da arquitetura normativa de prote\u00e7\u00e3o de dados no pa\u00eds, comparando t\u00f3picos selecionados da LGPD com pr\u00e1ticas correlatas j\u00e1 adotadas em outros pa\u00edses e tamb\u00e9m levando em conta o papel a ser desempenhado pela Autoridade Nacional de Prote\u00e7\u00e3o de Dados.<\/p>\n<p>A palestra ser\u00e1 coordenada pela Diretora para Assuntos Jur\u00eddicos e Trabalhistas da Fetraf RJ\/ES, Elizabeth Paradela, e proferida pelo advogado atuante na \u00e1rea de regulat\u00f3rio e ciberseguran\u00e7a, Caio Maiolino Kalawatis.<\/p>\n<p>Kalawatis \u00e9 Bacharel em Direito pela Pontif\u00edcia Universidade Cat\u00f3lica do Rio de Janeiro; Especialista em Privacidade e Prote\u00e7\u00e3o de Dados Pessoais pelo Data Privacy Brasil e em Direito Digital pelo Insper; Membro certificado da International Association of Privacy Professionals (IAPP), em regulat\u00f3rio Europeu sobre Privacidade e Prote\u00e7\u00e3o de Dados (CIPP-E); Gerente de projetos em privacidade e prote\u00e7\u00e3o de dados certificado (Certified Information Privacy Manager &#8211; CIPM).<\/p>\n<p><span style=\"text-decoration: underline;\">IMPORTANTE<\/span><\/p>\n<p>A palestra ser\u00e1 gratuita e a pr\u00e9-inscri\u00e7\u00e3o dever\u00e1 ser realizada, impreterivelmente, at\u00e9 \u00e0s 14 horas do dia 29 de junho, ter\u00e7a-feira.<\/p>\n<p>Os interessados e interessadas, devem fazer sua\u00a0pr\u00e9-inscri\u00e7\u00e3o atrav\u00e9s do link:\u00a0<a href=\"https:\/\/forms.gle\/WVRbncF726KLTH116\">https:\/\/forms.gle\/WVRbncF726KLTH116<\/a><\/p>\n<p>Os inscritos e inscritas\u00a0receber\u00e3o o link de acesso da sala virtual em seus endere\u00e7os eletr\u00f4nicos.<\/p>\n<p>Ser\u00e3o disponibilizadas 250 vagas e as pr\u00e9-inscri\u00e7\u00f5es est\u00e3o sujeitas \u00e0 lista de espera. Ao final ser\u00e1 enviado um certificado de participa\u00e7\u00e3o.<\/p>\n<p>PARTICIPE!<\/p>\n<p><strong>Fonte: Fetraf RJ\/ES<\/strong><\/p>\n<p>\u00a0<\/p>\n","protected":false},"excerpt":{"rendered":"<p>\u00a0 Nesta quarta-feira, dia 30 de junho, \u00e0s 17 horas, a Secretaria Jur\u00eddica da Federa\u00e7\u00e3o dos Trabalhadores do Ramo Financeiro dos Estados do Rio de Janeiro e Espi\u0301rito Santo (Fetraf RJ\/ES) realizar\u00e1, com seu Assessor Jur\u00eddico, Dr. Murilo Baptista, uma palestra sobre a &#8220;Lei Geral de Prote\u00e7\u00e3o de Dados&#8221; (LGPD). O evento ser\u00e1 realizado de [&hellip;]<\/p>\n","protected":false},"author":2,"featured_media":11142,"comment_status":"","ping_status":"","sticky":false,"template":"","format":"standard","meta":{"footnotes":""},"categories":[3],"tags":[],"class_list":["post-11143","post","type-post","status-publish","format-standard","has-post-thumbnail","hentry","category-noticias"],"_links":{"self":[{"href":"https:\/\/hostnetart.com.br\/baixada\/wp-json\/wp\/v2\/posts\/11143","targetHints":{"allow":["GET"]}}],"collection":[{"href":"https:\/\/hostnetart.com.br\/baixada\/wp-json\/wp\/v2\/posts"}],"about":[{"href":"https:\/\/hostnetart.com.br\/baixada\/wp-json\/wp\/v2\/types\/post"}],"author":[{"embeddable":true,"href":"https:\/\/hostnetart.com.br\/baixada\/wp-json\/wp\/v2\/users\/2"}],"replies":[{"embeddable":true,"href":"https:\/\/hostnetart.com.br\/baixada\/wp-json\/wp\/v2\/comments?post=11143"}],"version-history":[{"count":0,"href":"https:\/\/hostnetart.com.br\/baixada\/wp-json\/wp\/v2\/posts\/11143\/revisions"}],"wp:featuredmedia":[{"embeddable":true,"href":"https:\/\/hostnetart.com.br\/baixada\/wp-json\/wp\/v2\/media\/11142"}],"wp:attachment":[{"href":"https:\/\/hostnetart.com.br\/baixada\/wp-json\/wp\/v2\/media?parent=11143"}],"wp:term":[{"taxonomy":"category","embeddable":true,"href":"https:\/\/hostnetart.com.br\/baixada\/wp-json\/wp\/v2\/categories?post=11143"},{"taxonomy":"post_tag","embeddable":true,"href":"https:\/\/hostnetart.com.br\/baixada\/wp-json\/wp\/v2\/tags?post=11143"}],"curies":[{"name":"wp","href":"https:\/\/api.w.org\/{rel}","templated":true}]}}