{"id":11139,"date":"2021-06-25T12:31:41","date_gmt":"2021-06-25T15:31:41","guid":{"rendered":"https:\/\/hostnetart.com.br\/baixada\/gt-saude-caixa-permanece-com-impasse\/"},"modified":"2021-06-25T12:31:41","modified_gmt":"2021-06-25T15:31:41","slug":"gt-saude-caixa-permanece-com-impasse","status":"publish","type":"post","link":"https:\/\/hostnetart.com.br\/baixada\/gt-saude-caixa-permanece-com-impasse\/","title":{"rendered":"GT Sa\u00fade Caixa permanece com impasse"},"content":{"rendered":"<p>A reuni\u00e3o do Grupo de Trabalho (GT) Sa\u00fade Caixa da tarde de quinta-feira (24) terminou sem avan\u00e7os. O encontro todo girou em torno do impasse que j\u00e1 havia travado as discuss\u00f5es\u00a0<a href=\"https:\/\/contrafcut.com.br\/noticias\/gestao-pedro-guimaraes-quer-impor-medida-que-aumenta-custeio-do-saude-caixa-para-os-usuarios\/\" target=\"_blank\" rel=\"noopener noreferrer\">na ter\u00e7a-feira (22)<\/a>. Logo no in\u00edcio da reuni\u00e3o, os representantes dos empregados se colocaram contra a decis\u00e3o da Caixa aplicar a\u00a0<a href=\"https:\/\/www.gov.br\/economia\/pt-br\/assuntos\/empresas-estatais-federais\/legislacao\/arquivos\/resolucao-no-23-de-18-de-janeiro-de-2018-diario-oficial-da-uniao-imprensa-nacional.pdf\" target=\"_blank\" rel=\"noopener noreferrer\">Resolu\u00e7\u00e3o 23<\/a>\u00a0da Comiss\u00e3o Interministerial de Governan\u00e7a Corporativa e de Administra\u00e7\u00e3o de Participa\u00e7\u00f5es Societ\u00e1rias da Uni\u00e3o (CGPAR) nas propostas de modelos de custeio do plano. Na pr\u00e1tica, significa que 50% dos custos assistenciais e administrativos ser\u00e3o financiados pela empresa e os outros 50%, pelos empregados, alterando o formato atual de 70%\/30%.<\/p>\n<p>A resolu\u00e7\u00e3o n\u00e3o tem for\u00e7a de lei. O Acordo Coletivo, na cl\u00e1usula que trata dos objetivos deste GT, n\u00e3o prev\u00ea a inclus\u00e3o da CGPAR 23 ou contribui\u00e7\u00e3o parit\u00e1ria nos modelos de custeio e gest\u00e3o a serem estudados pelo GT. \u201cPortanto, n\u00e3o faz sentido utiliz\u00e1-la. Al\u00e9m disso, neste formato, muitos empregados possivelmente n\u00e3o ficar\u00e3o no plano de sa\u00fade. O papel do GT \u00e9 exatamente o debate da sustentabilidade e viabilidade para que todos os usu\u00e1rios se mantenham no plano\u201d, afirmou a coordenadora do GT Sa\u00fade Caixa da Comiss\u00e3o Executiva dos Empregados da Caixa, Fabiana Uehara Proscholdt, que tamb\u00e9m \u00e9 secret\u00e1ria da Cultura da Confedera\u00e7\u00e3o Nacional dos Trabalhadores do Ramo Financeiro (Contraf-CUT).<\/p>\n<p>A dire\u00e7\u00e3o da Caixa se manteve intransigente e deu como condi\u00e7\u00e3o para a continua\u00e7\u00e3o dos debates do GT a considera\u00e7\u00e3o da CGPAR 23. Neste momento, os trabalhadores pediram uma pausa para avalia\u00e7\u00e3o da suspens\u00e3o ou n\u00e3o da reuni\u00e3o. No retorno, refor\u00e7aram que o debate n\u00e3o pode ser inflex\u00edvel e que todos os cen\u00e1rios e possibilidades devem ser avaliados. E para n\u00e3o paralisar as discuss\u00f5es que ouviriam as propostas do banco.<\/p>\n<p>Para a pr\u00f3xima reuni\u00e3o, ser\u00e3o discutidos par\u00e2metros do modelo de custeio que ser\u00e3o apresentados pelos dois lados. \u201cEsse n\u00e3o \u00e9 um debate f\u00e1cil at\u00e9 pela especificidade do assunto e que tem muitos desdobramentos e impactos. Claro que a tentativa \u00e9 de constru\u00e7\u00e3o conjunta entre trabalhadores e empresa. N\u00f3s temos uma excelente assessoria t\u00e9cnica de apoio. Mas, precisamos que cada usu\u00e1rio do Sa\u00fade Caixa acompanhe essa discuss\u00e3o. O debate n\u00e3o \u00e9 s\u00f3 t\u00e9cnico e j\u00e1 temos alguns entraves cr\u00edticos\u201d, refor\u00e7ou Fabiana.<\/p>\n<p><strong>Fonte: Contraf-CUT<\/strong><\/p>\n","protected":false},"excerpt":{"rendered":"<p>A reuni\u00e3o do Grupo de Trabalho (GT) Sa\u00fade Caixa da tarde de quinta-feira (24) terminou sem avan\u00e7os. O encontro todo girou em torno do impasse que j\u00e1 havia travado as discuss\u00f5es\u00a0na ter\u00e7a-feira (22). Logo no in\u00edcio da reuni\u00e3o, os representantes dos empregados se colocaram contra a decis\u00e3o da Caixa aplicar a\u00a0Resolu\u00e7\u00e3o 23\u00a0da Comiss\u00e3o Interministerial de [&hellip;]<\/p>\n","protected":false},"author":2,"featured_media":11138,"comment_status":"","ping_status":"","sticky":false,"template":"","format":"standard","meta":{"footnotes":""},"categories":[3],"tags":[],"class_list":["post-11139","post","type-post","status-publish","format-standard","has-post-thumbnail","hentry","category-noticias"],"_links":{"self":[{"href":"https:\/\/hostnetart.com.br\/baixada\/wp-json\/wp\/v2\/posts\/11139","targetHints":{"allow":["GET"]}}],"collection":[{"href":"https:\/\/hostnetart.com.br\/baixada\/wp-json\/wp\/v2\/posts"}],"about":[{"href":"https:\/\/hostnetart.com.br\/baixada\/wp-json\/wp\/v2\/types\/post"}],"author":[{"embeddable":true,"href":"https:\/\/hostnetart.com.br\/baixada\/wp-json\/wp\/v2\/users\/2"}],"replies":[{"embeddable":true,"href":"https:\/\/hostnetart.com.br\/baixada\/wp-json\/wp\/v2\/comments?post=11139"}],"version-history":[{"count":0,"href":"https:\/\/hostnetart.com.br\/baixada\/wp-json\/wp\/v2\/posts\/11139\/revisions"}],"wp:featuredmedia":[{"embeddable":true,"href":"https:\/\/hostnetart.com.br\/baixada\/wp-json\/wp\/v2\/media\/11138"}],"wp:attachment":[{"href":"https:\/\/hostnetart.com.br\/baixada\/wp-json\/wp\/v2\/media?parent=11139"}],"wp:term":[{"taxonomy":"category","embeddable":true,"href":"https:\/\/hostnetart.com.br\/baixada\/wp-json\/wp\/v2\/categories?post=11139"},{"taxonomy":"post_tag","embeddable":true,"href":"https:\/\/hostnetart.com.br\/baixada\/wp-json\/wp\/v2\/tags?post=11139"}],"curies":[{"name":"wp","href":"https:\/\/api.w.org\/{rel}","templated":true}]}}