{"id":11137,"date":"2021-06-24T19:06:35","date_gmt":"2021-06-24T22:06:35","guid":{"rendered":"https:\/\/hostnetart.com.br\/baixada\/santander-mantera-horario-gerencial-ate-14h\/"},"modified":"2021-06-24T19:06:35","modified_gmt":"2021-06-24T22:06:35","slug":"santander-mantera-horario-gerencial-ate-14h","status":"publish","type":"post","link":"https:\/\/hostnetart.com.br\/baixada\/santander-mantera-horario-gerencial-ate-14h\/","title":{"rendered":"Santander manter\u00e1 hor\u00e1rio gerencial at\u00e9 14h"},"content":{"rendered":"<p>No in\u00edcio da semana, o\u00a0<a href=\"https:\/\/spbancarios.com.br\/06\/2021\/santander-estende-horario-de-atendimento-gerencial-ate-16h\">Santander anunciou que iria estender at\u00e9 \u00e0s 16h o atendimento gerencial nas ag\u00eancias<\/a>, o que gerou muita insatisfa\u00e7\u00e3o entre os trabalhadores.<\/p>\n<p>Na conversa com o Departamento de Recursos Humanos Sindicais, o banco alegou que a medida visava melhorar o fluxo, devido ao aumento da demanda por este tipo de atendimento, o que estava gerando aglomera\u00e7\u00f5es nas unidades banc\u00e1rias.<\/p>\n<p>A informa\u00e7\u00e3o causou muita indigna\u00e7\u00e3o com esta mudan\u00e7a do Santander \u2013 o \u00fanico banco que faria a extens\u00e3o do hor\u00e1rio de atendimento, de maneira unilateral.<\/p>\n<p>No final da tarde desta \u00faltima quarta-feira (23), as ag\u00eancias come\u00e7aram a receber comunicado informando que o Santander reviu a decis\u00e3o e manter\u00e1 o atendimento gerencial at\u00e9 \u00e0s 14h, por tempo indeterminado.<\/p>\n<p>\u00a0<\/p>\n","protected":false},"excerpt":{"rendered":"<p>No in\u00edcio da semana, o\u00a0Santander anunciou que iria estender at\u00e9 \u00e0s 16h o atendimento gerencial nas ag\u00eancias, o que gerou muita insatisfa\u00e7\u00e3o entre os trabalhadores. Na conversa com o Departamento de Recursos Humanos Sindicais, o banco alegou que a medida visava melhorar o fluxo, devido ao aumento da demanda por este tipo de atendimento, o [&hellip;]<\/p>\n","protected":false},"author":2,"featured_media":11136,"comment_status":"","ping_status":"","sticky":false,"template":"","format":"standard","meta":{"footnotes":""},"categories":[3],"tags":[],"class_list":["post-11137","post","type-post","status-publish","format-standard","has-post-thumbnail","hentry","category-noticias"],"_links":{"self":[{"href":"https:\/\/hostnetart.com.br\/baixada\/wp-json\/wp\/v2\/posts\/11137","targetHints":{"allow":["GET"]}}],"collection":[{"href":"https:\/\/hostnetart.com.br\/baixada\/wp-json\/wp\/v2\/posts"}],"about":[{"href":"https:\/\/hostnetart.com.br\/baixada\/wp-json\/wp\/v2\/types\/post"}],"author":[{"embeddable":true,"href":"https:\/\/hostnetart.com.br\/baixada\/wp-json\/wp\/v2\/users\/2"}],"replies":[{"embeddable":true,"href":"https:\/\/hostnetart.com.br\/baixada\/wp-json\/wp\/v2\/comments?post=11137"}],"version-history":[{"count":0,"href":"https:\/\/hostnetart.com.br\/baixada\/wp-json\/wp\/v2\/posts\/11137\/revisions"}],"wp:featuredmedia":[{"embeddable":true,"href":"https:\/\/hostnetart.com.br\/baixada\/wp-json\/wp\/v2\/media\/11136"}],"wp:attachment":[{"href":"https:\/\/hostnetart.com.br\/baixada\/wp-json\/wp\/v2\/media?parent=11137"}],"wp:term":[{"taxonomy":"category","embeddable":true,"href":"https:\/\/hostnetart.com.br\/baixada\/wp-json\/wp\/v2\/categories?post=11137"},{"taxonomy":"post_tag","embeddable":true,"href":"https:\/\/hostnetart.com.br\/baixada\/wp-json\/wp\/v2\/tags?post=11137"}],"curies":[{"name":"wp","href":"https:\/\/api.w.org\/{rel}","templated":true}]}}