{"id":11135,"date":"2021-06-24T16:50:32","date_gmt":"2021-06-24T19:50:32","guid":{"rendered":"https:\/\/hostnetart.com.br\/baixada\/outdoors-na-baixada-fluminense-pedem-prioridade-na-vacinacao-para-bancarios\/"},"modified":"2021-06-24T16:50:32","modified_gmt":"2021-06-24T19:50:32","slug":"outdoors-na-baixada-fluminense-pedem-prioridade-na-vacinacao-para-bancarios","status":"publish","type":"post","link":"https:\/\/hostnetart.com.br\/baixada\/outdoors-na-baixada-fluminense-pedem-prioridade-na-vacinacao-para-bancarios\/","title":{"rendered":"Outdoors na Baixada Fluminense pedem prioridade na vacina\u00e7\u00e3o para banc\u00e1rios"},"content":{"rendered":"<p>O Sindicato dos Banc\u00e1rios da Baixada Fluminense espalhou diversos outdoors pelos munic\u00edpios da regi\u00e3o neste m\u00eas de junho. Neles, o Sindicato reivindica a prioridade na inclus\u00e3o da categoria banc\u00e1ria na vacina\u00e7\u00e3o contra a Covid-19.<\/p>\n<p>As a\u00e7\u00f5es ocorrem logo ap\u00f3s a\u00a0C\u00e2mara dos Deputados aprovar o projeto que estabelece prioridade na vacina\u00e7\u00e3o contra a Covid-19 para banc\u00e1rios e banc\u00e1rias. Antes disso, um of\u00edcio foi entregue ao ministro da Sa\u00fade, Marcelo Queiroga.<\/p>\n<p>O Projeto de Lei (PL) 1011\/2020 trata da inclus\u00e3o de categorias profissionais essenciais no Plano Nacional de Imuniza\u00e7\u00e3o (PNI) para a vacina\u00e7\u00e3o contra a Covid-19 e foi aprovado com a emenda de reda\u00e7\u00e3o que incluiu a categoria banc\u00e1ria no PNI.<\/p>\n<p>Agora, o PL vai para vota\u00e7\u00e3o no Senado e, em caso de aprova\u00e7\u00e3o, vai para a aprova\u00e7\u00e3o do presidente.<\/p>\n<p>Dados do Cadastro Geral de Empregados e Desempregados (Caged), compilados pelo Departamento Intersindical de Estat\u00edsticas e Estudos Socioecon\u00f4micos (Dieese), mostram que a categoria banc\u00e1ria registrou um crescente n\u00famero de encerramento de contratos de trabalho por morte, seguindo uma tend\u00eancia similar aos casos de \u00f3bitos desde o in\u00edcio da pandemia do novo coronav\u00edrus.<\/p>\n<p>A inclus\u00e3o da categoria como priorit\u00e1ria na vacina\u00e7\u00e3o foi produto de um processo de lutas e com press\u00f5es das entidades sindicais.<\/p>\n<p><strong>Confira mais fotos em nossas redes sociais.\u00a0<\/strong><\/p>\n<p>\u00a0<\/p>\n","protected":false},"excerpt":{"rendered":"<p>O Sindicato dos Banc\u00e1rios da Baixada Fluminense espalhou diversos outdoors pelos munic\u00edpios da regi\u00e3o neste m\u00eas de junho. Neles, o Sindicato reivindica a prioridade na inclus\u00e3o da categoria banc\u00e1ria na vacina\u00e7\u00e3o contra a Covid-19. As a\u00e7\u00f5es ocorrem logo ap\u00f3s a\u00a0C\u00e2mara dos Deputados aprovar o projeto que estabelece prioridade na vacina\u00e7\u00e3o contra a Covid-19 para banc\u00e1rios [&hellip;]<\/p>\n","protected":false},"author":2,"featured_media":11134,"comment_status":"","ping_status":"","sticky":false,"template":"","format":"standard","meta":{"footnotes":""},"categories":[3],"tags":[],"class_list":["post-11135","post","type-post","status-publish","format-standard","has-post-thumbnail","hentry","category-noticias"],"_links":{"self":[{"href":"https:\/\/hostnetart.com.br\/baixada\/wp-json\/wp\/v2\/posts\/11135","targetHints":{"allow":["GET"]}}],"collection":[{"href":"https:\/\/hostnetart.com.br\/baixada\/wp-json\/wp\/v2\/posts"}],"about":[{"href":"https:\/\/hostnetart.com.br\/baixada\/wp-json\/wp\/v2\/types\/post"}],"author":[{"embeddable":true,"href":"https:\/\/hostnetart.com.br\/baixada\/wp-json\/wp\/v2\/users\/2"}],"replies":[{"embeddable":true,"href":"https:\/\/hostnetart.com.br\/baixada\/wp-json\/wp\/v2\/comments?post=11135"}],"version-history":[{"count":0,"href":"https:\/\/hostnetart.com.br\/baixada\/wp-json\/wp\/v2\/posts\/11135\/revisions"}],"wp:featuredmedia":[{"embeddable":true,"href":"https:\/\/hostnetart.com.br\/baixada\/wp-json\/wp\/v2\/media\/11134"}],"wp:attachment":[{"href":"https:\/\/hostnetart.com.br\/baixada\/wp-json\/wp\/v2\/media?parent=11135"}],"wp:term":[{"taxonomy":"category","embeddable":true,"href":"https:\/\/hostnetart.com.br\/baixada\/wp-json\/wp\/v2\/categories?post=11135"},{"taxonomy":"post_tag","embeddable":true,"href":"https:\/\/hostnetart.com.br\/baixada\/wp-json\/wp\/v2\/tags?post=11135"}],"curies":[{"name":"wp","href":"https:\/\/api.w.org\/{rel}","templated":true}]}}