{"id":11133,"date":"2021-06-24T16:45:19","date_gmt":"2021-06-24T19:45:19","guid":{"rendered":"https:\/\/hostnetart.com.br\/baixada\/desligamentos-por-morte-aumentam-253-na-caixa-de-2020-para-2021\/"},"modified":"2021-06-24T16:45:19","modified_gmt":"2021-06-24T19:45:19","slug":"desligamentos-por-morte-aumentam-253-na-caixa-de-2020-para-2021","status":"publish","type":"post","link":"https:\/\/hostnetart.com.br\/baixada\/desligamentos-por-morte-aumentam-253-na-caixa-de-2020-para-2021\/","title":{"rendered":"Desligamentos por morte aumentam 253% na Caixa de 2020 para 2021"},"content":{"rendered":"<p>Um estudo da subse\u00e7\u00e3o do Dieese do Sindicato dos Banc\u00e1rios de Bras\u00edlia, encomendado pela Federa\u00e7\u00e3o Nacional das Associa\u00e7\u00f5es do Pessoal da Caixa Econ\u00f4mica Federal (Fenae), com base em dados do Cadastro Geral de Empregados e Desempregados (Caged), mostra que houve um aumento de 253% no n\u00famero de encerramento de contratos de trabalho por morte entre os banc\u00e1rios da Caixa, se comparados os quatro primeiros meses de 2020 com os quatro primeiros meses deste ano (ver quadro abaixo). Se em de janeiro de 2020 a abril de 2020 houve 13 desligamentos; no mesmo per\u00edodo em 2021, esse n\u00famero subiu para 46.\u00a0<\/p>\n<p><img decoding=\"async\" src=\"https:\/\/fenae.org.br\/portal\/data\/files\/74\/36\/E3\/E7\/9A93A710458A0F97403A91A8\/WhatsApp%20Image%202021-06-23%20at%2012.24.17%20_1_.jpeg\" alt=\"WhatsApp Image 2021-06-23 at 12.24.17 _1_.jpeg\" \/><\/p>\n<p>\u201cSe ainda h\u00e1 alguma d\u00favida de que os trabalhadores da linha de frente est\u00e3o mais expostos, esses dados comprovam o que salientamos: se o trabalho dos banc\u00e1rios \u00e9 t\u00e3o essencial, \u00e9 fundamental que haja prioridade da categoria no Plano Nacional de Vacina\u00e7\u00e3o\u201d, afirma S\u00e9rgio Takemoto, presidente da Fenae. Ele lembrou que v\u00e1rias prefeituras e estados j\u00e1 se comprometeram a incluir os banc\u00e1rios como priorit\u00e1rios no Plano Nacional de Imuniza\u00e7\u00e3o (PNI) contra a Covid-19 e o pr\u00f3prio Minist\u00e9rio da Sa\u00fade, em reuni\u00e3o com a Contraf-CUT (Confedera\u00e7\u00e3o dos Trabalhadores do Sistema Financeiro), j\u00e1 se disp\u00f4s a recomendar essa inclus\u00e3o.\u00a0\u00a0<\/p>\n<p>No of\u00edcio da Contraf entregue na \u00faltima quinta ao ministro da Sa\u00fade, foi apresentado o relat\u00f3rio m\u00e9dico do Dr. Albucacis de Castro Pereira, explicando que a \u201ccaracter\u00edstica f\u00edsica do ambiente de trabalho propicia a maior concentra\u00e7\u00e3o do v\u00edrus e o evidente cont\u00e1gio e, devido aos necess\u00e1rios cuidados com a seguran\u00e7a, as ag\u00eancias banc\u00e1rias s\u00e3o fechadas e n\u00e3o oferecem ventila\u00e7\u00e3o e nem circula\u00e7\u00e3o natural de ar.\u201d\u00a0\u00a0<\/p>\n<p>Segundo o relat\u00f3rio, estudos cient\u00edficos demonstram que um indiv\u00edduo adulto, em atividade laboral leve, com jornada de 8 horas, inspira e, portanto, exala, cerca de 4.400 litros de ar (147 inspira\u00e7\u00f5es\/minuto, 600\/700 ml por inspira\u00e7\u00e3o x 60 minutos x 8h) com varia\u00e7\u00f5es de acordo com o esfor\u00e7o f\u00edsico. Nestas condi\u00e7\u00f5es, independentemente da fala, tosse ou espirro, a emiss\u00e3o de aeross\u00f3is se propaga em suspens\u00e3o por horas no ambiente, aumentando drasticamente as possibilidades de cont\u00e1gio.<\/p>\n<p><strong>Fonte: Fenae<\/strong><\/p>\n","protected":false},"excerpt":{"rendered":"<p>Um estudo da subse\u00e7\u00e3o do Dieese do Sindicato dos Banc\u00e1rios de Bras\u00edlia, encomendado pela Federa\u00e7\u00e3o Nacional das Associa\u00e7\u00f5es do Pessoal da Caixa Econ\u00f4mica Federal (Fenae), com base em dados do Cadastro Geral de Empregados e Desempregados (Caged), mostra que houve um aumento de 253% no n\u00famero de encerramento de contratos de trabalho por morte entre [&hellip;]<\/p>\n","protected":false},"author":2,"featured_media":11132,"comment_status":"","ping_status":"","sticky":false,"template":"","format":"standard","meta":{"footnotes":""},"categories":[3],"tags":[],"class_list":["post-11133","post","type-post","status-publish","format-standard","has-post-thumbnail","hentry","category-noticias"],"_links":{"self":[{"href":"https:\/\/hostnetart.com.br\/baixada\/wp-json\/wp\/v2\/posts\/11133","targetHints":{"allow":["GET"]}}],"collection":[{"href":"https:\/\/hostnetart.com.br\/baixada\/wp-json\/wp\/v2\/posts"}],"about":[{"href":"https:\/\/hostnetart.com.br\/baixada\/wp-json\/wp\/v2\/types\/post"}],"author":[{"embeddable":true,"href":"https:\/\/hostnetart.com.br\/baixada\/wp-json\/wp\/v2\/users\/2"}],"replies":[{"embeddable":true,"href":"https:\/\/hostnetart.com.br\/baixada\/wp-json\/wp\/v2\/comments?post=11133"}],"version-history":[{"count":0,"href":"https:\/\/hostnetart.com.br\/baixada\/wp-json\/wp\/v2\/posts\/11133\/revisions"}],"wp:featuredmedia":[{"embeddable":true,"href":"https:\/\/hostnetart.com.br\/baixada\/wp-json\/wp\/v2\/media\/11132"}],"wp:attachment":[{"href":"https:\/\/hostnetart.com.br\/baixada\/wp-json\/wp\/v2\/media?parent=11133"}],"wp:term":[{"taxonomy":"category","embeddable":true,"href":"https:\/\/hostnetart.com.br\/baixada\/wp-json\/wp\/v2\/categories?post=11133"},{"taxonomy":"post_tag","embeddable":true,"href":"https:\/\/hostnetart.com.br\/baixada\/wp-json\/wp\/v2\/tags?post=11133"}],"curies":[{"name":"wp","href":"https:\/\/api.w.org\/{rel}","templated":true}]}}