{"id":11131,"date":"2021-06-23T16:18:29","date_gmt":"2021-06-23T19:18:29","guid":{"rendered":"https:\/\/hostnetart.com.br\/baixada\/incluida-na-pec-32-estabilidade-no-servico-publico-dependera-de-lei-complementar\/"},"modified":"2021-06-23T16:18:29","modified_gmt":"2021-06-23T19:18:29","slug":"incluida-na-pec-32-estabilidade-no-servico-publico-dependera-de-lei-complementar","status":"publish","type":"post","link":"https:\/\/hostnetart.com.br\/baixada\/incluida-na-pec-32-estabilidade-no-servico-publico-dependera-de-lei-complementar\/","title":{"rendered":"Inclu\u00edda na PEC 32, estabilidade no servi\u00e7o p\u00fablico depender\u00e1 de lei complementar"},"content":{"rendered":"<p>A comiss\u00e3o especial da \u201creforma\u201d administrativa fez nesta ter\u00e7a-feira (22) a primeira audi\u00eancia p\u00fablica, de 12 programadas, com o relator, deputado Arthur Maia (DEM-BA), antecipando poss\u00edveis altera\u00e7\u00f5es no texto. A sess\u00e3o de hoje foi de car\u00e1ter mais t\u00e9cnico, enquanto se aguarda\u00a0<a href=\"https:\/\/www.redebrasilatual.com.br\/politica\/2021\/06\/primeiro-embate-comissao-reforma-administrativa-paulo-guedes\/\">a participa\u00e7\u00e3o do ministro da Economia, Paulo Guedes,<\/a>\u00a0prevista para o pr\u00f3ximo dia 30, data ainda a ser confirmada. Segundo Maia, uma quest\u00e3o importante da Proposta de Emenda \u00e0 Constitui\u00e7\u00e3o (PEC) 32, a da estabilidade para futuros servidores, ainda depender\u00e1 de regulamenta\u00e7\u00e3o posterior. O texto fala em estabilidade para carreiras t\u00edpicas de Estado. \u201cN\u00e3o pretendemos uma defini\u00e7\u00e3o do que seja carreira t\u00edpica de Estado em emenda. Ficaremos na depend\u00eancia de uma lei complementar\u201d, afirmou.<\/p>\n<h3>Intromiss\u00e3o indevida<\/h3>\n<p>Ele tamb\u00e9m citou o t\u00f3pico sobre livre nomea\u00e7\u00e3o de cargos de chefia, manifestando discord\u00e2ncia. \u201cEu me associo a todos aqueles que entendem esse ponto da PEC deve ser modificado\u201d, adiantou o relator. Segundo Maia, a preocupa\u00e7\u00e3o \u00e9 evitar \u201cintromiss\u00e3o indevida pol\u00edtica da administra\u00e7\u00e3o p\u00fablica\u201d.<\/p>\n<p>Inova\u00e7\u00e3o no servi\u00e7o p\u00fablico foi o tema b\u00e1sico da audi\u00eancia de hoje. Participaram, entre outros, o secret\u00e1rio especial de Desburocratiza\u00e7\u00e3o, Gest\u00e3o e Governo Digital (Minist\u00e9rio da Economia), Caio Paes de Andrade, o presidente da Associa\u00e7\u00e3o Nacional dos Especialistas em Pol\u00edticas P\u00fablicas e Gest\u00e3o Governamental (Anesp), Pedro Pontual, o presidente na Escola Nacional de Administra\u00e7\u00e3o P\u00fablica (Enap), Diogo Costa, e a livre-docente Irene Nohara, doutora em Direito do Estado pela Universidade de S\u00e3o Paulo (USP).<\/p>\n<p>Costa, da Enap, comentou as conclus\u00f5es de um estudo que aponta demora de mudan\u00e7as no setor p\u00fablico em rela\u00e7\u00e3o ao mundo do trabalho, com \u201cr\u00edgidas\u201d classifica\u00e7\u00f5es de cargo e um \u201canacronismo\u201d que impediria o recrutamento de talentos. Pela pesquisa, 23% dos servidores \u201caposent\u00e1veis\u201d at\u00e9 2030 n\u00e3o precisariam ser repostos. E 18% dos n\u00e3o \u201caposent\u00e1veis\u201d ter\u00e3o fun\u00e7\u00e3o obsoleta e poderiam ser, inclusive, dispensados. \u201cIsso \u00e9 um instrumento para o tomador de decis\u00e3o, n\u00e3o \u00e9 decis\u00e3o tomada.\u201d<\/p>\n<div class=\"widget_text widget-area-inside-single-content\">\n<div class=\"textwidget custom-html-widget\"><strong>Fonte: Rede Brasil Atual<\/strong><\/div>\n<\/div>\n","protected":false},"excerpt":{"rendered":"<p>A comiss\u00e3o especial da \u201creforma\u201d administrativa fez nesta ter\u00e7a-feira (22) a primeira audi\u00eancia p\u00fablica, de 12 programadas, com o relator, deputado Arthur Maia (DEM-BA), antecipando poss\u00edveis altera\u00e7\u00f5es no texto. A sess\u00e3o de hoje foi de car\u00e1ter mais t\u00e9cnico, enquanto se aguarda\u00a0a participa\u00e7\u00e3o do ministro da Economia, Paulo Guedes,\u00a0prevista para o pr\u00f3ximo dia 30, data ainda [&hellip;]<\/p>\n","protected":false},"author":2,"featured_media":11130,"comment_status":"","ping_status":"","sticky":false,"template":"","format":"standard","meta":{"footnotes":""},"categories":[3],"tags":[],"class_list":["post-11131","post","type-post","status-publish","format-standard","has-post-thumbnail","hentry","category-noticias"],"_links":{"self":[{"href":"https:\/\/hostnetart.com.br\/baixada\/wp-json\/wp\/v2\/posts\/11131","targetHints":{"allow":["GET"]}}],"collection":[{"href":"https:\/\/hostnetart.com.br\/baixada\/wp-json\/wp\/v2\/posts"}],"about":[{"href":"https:\/\/hostnetart.com.br\/baixada\/wp-json\/wp\/v2\/types\/post"}],"author":[{"embeddable":true,"href":"https:\/\/hostnetart.com.br\/baixada\/wp-json\/wp\/v2\/users\/2"}],"replies":[{"embeddable":true,"href":"https:\/\/hostnetart.com.br\/baixada\/wp-json\/wp\/v2\/comments?post=11131"}],"version-history":[{"count":0,"href":"https:\/\/hostnetart.com.br\/baixada\/wp-json\/wp\/v2\/posts\/11131\/revisions"}],"wp:featuredmedia":[{"embeddable":true,"href":"https:\/\/hostnetart.com.br\/baixada\/wp-json\/wp\/v2\/media\/11130"}],"wp:attachment":[{"href":"https:\/\/hostnetart.com.br\/baixada\/wp-json\/wp\/v2\/media?parent=11131"}],"wp:term":[{"taxonomy":"category","embeddable":true,"href":"https:\/\/hostnetart.com.br\/baixada\/wp-json\/wp\/v2\/categories?post=11131"},{"taxonomy":"post_tag","embeddable":true,"href":"https:\/\/hostnetart.com.br\/baixada\/wp-json\/wp\/v2\/tags?post=11131"}],"curies":[{"name":"wp","href":"https:\/\/api.w.org\/{rel}","templated":true}]}}