{"id":11129,"date":"2021-06-23T03:30:59","date_gmt":"2021-06-23T06:30:59","guid":{"rendered":"https:\/\/hostnetart.com.br\/baixada\/assembleias-do-banco-mercantil-do-brasil-serao-no-dia-25-de-junho-sexta\/"},"modified":"2021-06-23T03:30:59","modified_gmt":"2021-06-23T06:30:59","slug":"assembleias-do-banco-mercantil-do-brasil-serao-no-dia-25-de-junho-sexta","status":"publish","type":"post","link":"https:\/\/hostnetart.com.br\/baixada\/assembleias-do-banco-mercantil-do-brasil-serao-no-dia-25-de-junho-sexta\/","title":{"rendered":"Assembleia do Banco Mercantil do Brasil ser\u00e1 no dia 25 de Junho (sexta)"},"content":{"rendered":"<p>Na pr\u00f3xima sexta-feira, dia 25 de junho,\u00a0banc\u00e1rias e\u00a0banc\u00e1rios do Banco Mercantil do Brasil ir\u00e3o deliberar, em assembleia virtual,\u00a0sobre as propostas de acordo dos programas pr\u00f3prios de\u00a0<a href=\"https:\/\/contrafcut.com.br\/plr-2021-acordo-coletivo-bmb-contraf\/\" target=\"_blank\" rel=\"noopener noreferrer\">Participa\u00e7\u00e3o nos Lucros e\/ou Resultados (PLR)<\/a>,\u00a0<a href=\"https:\/\/contrafcut.com.br\/aux-educacional-mercantil-contraf-2021\/\" target=\"_blank\" rel=\"noopener noreferrer\">aux\u00edlio educacional<\/a>\u00a0e do aditivo ao Acordo Coletivo de Trabalho referente ao\u00a0<a href=\"https:\/\/contrafcut.com.br\/acordo-coletivo-ponto-eletronico-bmb-contraf\/\" target=\"_blank\" rel=\"noopener noreferrer\">ponto eletr\u00f4nico<\/a>.<\/p>\n<p>A assembleia ocorrer\u00e1 das 8 horas \u00e0s 20 horas, e participar\u00e3o\u00a0Sindicatos dos Banc\u00e1rios de todas as bases que possuem unidades do Banco Mercantil do Brasil (BMB).<\/p>\n<p>IMPORTANTE: A Confedera\u00e7\u00e3o Nacional dos Trabalhadores do Ramo Financeiro (Contraf-CUT), da qual o Sindicato dos Banc\u00e1rios da Baixada Fluminense \u00e9 filiada, indica a aprova\u00e7\u00e3o dos tr\u00eas acordos.<\/p>\n<p>Para votar e participar, basta acessar o link de vota\u00e7\u00e3o:\u00a0<a href=\"https:\/\/bancarios.votabem.com.br\/\">https:\/\/bancarios.votabem.com.br\/<\/a><\/p>\n<div class=\"\" data-block=\"true\" data-editor=\"cpevg\" data-offset-key=\"8rmga-0-0\">\n<div class=\"_1mf _1mj\" data-offset-key=\"8rmga-0-0\">O link estar\u00e1, tamb\u00e9m, dispon\u00edvel em nosso site (<a href=\"http:\/\/www.bancariosbaixada.org.br\/\">http:\/\/www.bancariosbaixada.org.br\/<\/a>)<\/div>\n<\/div>\n<p>\u00a0<\/p>\n<h3><strong>Avan\u00e7os na PLR<\/strong><\/h3>\n<p>Houve avan\u00e7os em diversos pontos na negocia\u00e7\u00e3o da PLR. O movimento sindical conquistou a redu\u00e7\u00e3o de R$ 12,5 milh\u00f5es na meta anual de lucro l\u00edquido a ser atingido, que baixou de R$ 250 milh\u00f5es para R$ 237,5 milh\u00f5es. Com a proposta da representa\u00e7\u00e3o dos trabalhadores de gatilho de 80% da meta atingida, os banc\u00e1rios do Mercantil do Brasil passam a receber a partir da obten\u00e7\u00e3o de lucro de R$ 190 milh\u00f5es, que representa uma meta de crescimento de 26% do lucro em rela\u00e7\u00e3o ao obtido no ano passado.<\/p>\n<p>Tamb\u00e9m foi conquistado o aumento no limite dos m\u00faltiplos salariais dos escritur\u00e1rios de ag\u00eancias, em torno de 1.000 funcion\u00e1rios, que passa de 1,7 sal\u00e1rio para 2 sal\u00e1rios em caso de cumprimento das metas do acordo pr\u00f3prio de PLR.<\/p>\n<p>Outro avan\u00e7o foi a inser\u00e7\u00e3o de cl\u00e1usula sobre o n\u00e3o desconto do programa pr\u00f3prio sobre o adicional de PLR estipulado pela Conven\u00e7\u00e3o Coletiva de Trabalho (CCT) dos banc\u00e1rios.<\/p>\n<p>Tamb\u00e9m houve altera\u00e7\u00e3o na cl\u00e1usula d\u00e9cima, sobre revis\u00e3o anual do acordo, que passa a ter maior periodicidade de reuni\u00f5es entre a empresa e a representa\u00e7\u00e3o dos trabalhadores para ajustes necess\u00e1rios devido \u00e0s incertezas decorrentes da Covid-19.<\/p>\n<h3><strong>PLR do BMI<\/strong><\/h3>\n<p>Em Belo Horizonte, onde existe tamb\u00e9m o Banco Mercantil do Brasil Investimentos (BMI), os trabalhadores deliberar\u00e3o sobre o acordo de PLR espec\u00edfico.<\/p>\n<p>\u201cAssim como conquistado no programa de PLR do BMB, tamb\u00e9m obtivemos a melhoria na cl\u00e1usula d\u00e9cima do\u00a0<a href=\"https:\/\/contrafcut.com.br\/plr-2021-acordo-coletivo-bmi-contraf\/\" target=\"_blank\" rel=\"noopener noreferrer\">acordo do BMI<\/a>, prevendo uma revis\u00e3o no acordo, at\u00e9 a data limite de um dia \u00fatil anterior \u00e0 data do pagamento da antecipa\u00e7\u00e3o, caso seja necess\u00e1rio ajustes \u00e0s metas de lucro e redu\u00e7\u00e3o de despesas, se, por ventura, houver preju\u00edzos aos trabalhadores\u201d, explicou Marco Aur\u00e9lio.<\/p>\n<h3><strong>Aux\u00edlio educacional<\/strong><\/h3>\n<p>Em rela\u00e7\u00e3o ao programa de aux\u00edlio educacional, o Banco Mercantil do Brasil aumentou o limite e o valor das bolsas. Eram 100 bolsas de R$ 250. Agora ser\u00e3o 120 bolsas de R$ 280. Os banc\u00e1rios contemplados ter\u00e3o direito a doze parcelas anuais.<\/p>\n<h3><strong>Controle da jornada<\/strong><\/h3>\n<p>Sobre o acordo de controle alternativo de jornada\/ponto eletr\u00f4nico, o acordo analisado e aprovado em assembleia realizada na base territorial do Sindicato dos Banc\u00e1rios de Belo Horizonte e Regi\u00e3o, uma vez que o acordo n\u00e3o traz preju\u00edzos aos trabalhadores e permite que a haja controle da jornada em home office.<\/p>\n<p>O acordo de controle de jornada\/ponto eletr\u00f4nico ser\u00e1 avaliado pelas assembleias locais, exceto em Belo Horizonte, onde esta aprecia\u00e7\u00e3o j\u00e1 ocorreu.<\/p>\n<p><strong>Fonte: Contraf-CUT<\/strong><\/p>\n","protected":false},"excerpt":{"rendered":"<p>Na pr\u00f3xima sexta-feira, dia 25 de junho,\u00a0banc\u00e1rias e\u00a0banc\u00e1rios do Banco Mercantil do Brasil ir\u00e3o deliberar, em assembleia virtual,\u00a0sobre as propostas de acordo dos programas pr\u00f3prios de\u00a0Participa\u00e7\u00e3o nos Lucros e\/ou Resultados (PLR),\u00a0aux\u00edlio educacional\u00a0e do aditivo ao Acordo Coletivo de Trabalho referente ao\u00a0ponto eletr\u00f4nico. A assembleia ocorrer\u00e1 das 8 horas \u00e0s 20 horas, e participar\u00e3o\u00a0Sindicatos dos Banc\u00e1rios [&hellip;]<\/p>\n","protected":false},"author":2,"featured_media":11128,"comment_status":"","ping_status":"","sticky":false,"template":"","format":"standard","meta":{"footnotes":""},"categories":[3],"tags":[],"class_list":["post-11129","post","type-post","status-publish","format-standard","has-post-thumbnail","hentry","category-noticias"],"_links":{"self":[{"href":"https:\/\/hostnetart.com.br\/baixada\/wp-json\/wp\/v2\/posts\/11129","targetHints":{"allow":["GET"]}}],"collection":[{"href":"https:\/\/hostnetart.com.br\/baixada\/wp-json\/wp\/v2\/posts"}],"about":[{"href":"https:\/\/hostnetart.com.br\/baixada\/wp-json\/wp\/v2\/types\/post"}],"author":[{"embeddable":true,"href":"https:\/\/hostnetart.com.br\/baixada\/wp-json\/wp\/v2\/users\/2"}],"replies":[{"embeddable":true,"href":"https:\/\/hostnetart.com.br\/baixada\/wp-json\/wp\/v2\/comments?post=11129"}],"version-history":[{"count":0,"href":"https:\/\/hostnetart.com.br\/baixada\/wp-json\/wp\/v2\/posts\/11129\/revisions"}],"wp:featuredmedia":[{"embeddable":true,"href":"https:\/\/hostnetart.com.br\/baixada\/wp-json\/wp\/v2\/media\/11128"}],"wp:attachment":[{"href":"https:\/\/hostnetart.com.br\/baixada\/wp-json\/wp\/v2\/media?parent=11129"}],"wp:term":[{"taxonomy":"category","embeddable":true,"href":"https:\/\/hostnetart.com.br\/baixada\/wp-json\/wp\/v2\/categories?post=11129"},{"taxonomy":"post_tag","embeddable":true,"href":"https:\/\/hostnetart.com.br\/baixada\/wp-json\/wp\/v2\/tags?post=11129"}],"curies":[{"name":"wp","href":"https:\/\/api.w.org\/{rel}","templated":true}]}}