{"id":11125,"date":"2021-06-23T03:25:57","date_gmt":"2021-06-23T06:25:57","guid":{"rendered":"https:\/\/hostnetart.com.br\/baixada\/retomada-da-economia-privilegia-os-ricos-e-aprofunda-a-desigualdade\/"},"modified":"2021-06-23T03:25:57","modified_gmt":"2021-06-23T06:25:57","slug":"retomada-da-economia-privilegia-os-ricos-e-aprofunda-a-desigualdade","status":"publish","type":"post","link":"https:\/\/hostnetart.com.br\/baixada\/retomada-da-economia-privilegia-os-ricos-e-aprofunda-a-desigualdade\/","title":{"rendered":"Retomada da economia privilegia os ricos e aprofunda a desigualdade"},"content":{"rendered":"<p>A retomada da economia brasileira vai aprofundar a desigualdade no pa\u00eds. Os sinais de recupera\u00e7\u00e3o da atividade econ\u00f4mica v\u00eam do com\u00e9rcio exterior, com um novo ciclo de commodities. Mas esse fator n\u00e3o \u00e9 suficiente para equalizar os problemas de desemprego e queda de renda.<\/p>\n<p>H\u00e1 sinais de retomada na economia brasileira gra\u00e7as a fatores externos, de pa\u00edses que atuaram forte com a vacina\u00e7\u00e3o e ganharam mais dinamismo econ\u00f4mico, avalia o diretor-adjunto do Dieese, Jos\u00e9 Silvestre. \u201cMas esses sinais n\u00e3o chegam \u00e0 mesa do trabalhador e das classes mais pobres\u201d, afirma.<\/p>\n<div class=\"widget_text widget-area-inside-single-content\">\u201cS\u00e3o sinais positivos, mas h\u00e1 outros sinais contr\u00e1rios, como a amplia\u00e7\u00e3o do desemprego e a queda na renda das fam\u00edlias. O PIB pode at\u00e9 crescer 4% neste ano, mas se chegar a esse patamar no m\u00e1ximo recupera o tombo de 2020, que foi de 4,1% negativo\u201d, afirma o analista em entrevista a Deborah Izola, no jornal da\u00a0<strong>R\u00e1dio Brasil Atual<\/strong>\u00a0na manh\u00e3 desta ter\u00e7a-feira (22).<\/div>\n<p>Um estudo divulgado nesta segunda-feira atesta o aprofundamento da desigualdade com o ciclo da economia. E mostra que a recupera\u00e7\u00e3o econ\u00f4mica beneficiar\u00e1 apenas as classes mais altas, enquanto 1,2 milh\u00e3o de fam\u00edlias retroceder\u00e1 \u00e0 pobreza, para as classes \u2018D\u2019 e \u2018E\u2019. Esse estudo foi apresentado pela Tend\u00eancias Consultoria com base em dados do IBGE, Minist\u00e9rio da Economia e Minist\u00e9rio da Cidadania. O estudo foi obtido pela\u00a0<em><a href=\"https:\/\/g1.globo.com\/economia\/noticia\/2021\/06\/21\/retomada-economica-favorece-mais-ricos-e-deve-levar-12-milhao-de-familias-para-as-classes-d-e-e.ghtml\" target=\"_blank\" rel=\"noopener noreferrer\">Globonews<\/a><\/em>.<\/p>\n<h2><span style=\"text-decoration: underline;\">Aux\u00edlio emergencial<\/span><\/h2>\n<p>Entre as causas que ret\u00eam a recupera\u00e7\u00e3o da economia para os trabalhadores, Silvestre indica o aux\u00edlio emergencial. O benef\u00edcio fundamental para o enfrentamento da pandemia pelos trabalhadores ficou um per\u00edodo de tr\u00eas meses paralisado e foi retomado com a metade do valor de quando foi institu\u00eddo em abril de 2020, em R$ 600.<\/p>\n<p>A corre\u00e7\u00e3o do sal\u00e1rio m\u00ednimo abaixo da infla\u00e7\u00e3o tamb\u00e9m \u00e9 fator que tem impacto negativo na renda dos trabalhadores. O governo Bolsonaro interrompeu o ciclo de ganho real do sal\u00e1rio m\u00ednimo que foi implementado pelos governos Lula e Dilma. Silvestre diz que essa desaten\u00e7\u00e3o com o sal\u00e1rio m\u00ednimo afeta especialmente fam\u00edlias que tem renda mensal em torno de 2,7 sal\u00e1rios.<\/p>\n<p><strong>Fonte: Rede Brasil Atual<\/strong><\/p>\n","protected":false},"excerpt":{"rendered":"<p>A retomada da economia brasileira vai aprofundar a desigualdade no pa\u00eds. Os sinais de recupera\u00e7\u00e3o da atividade econ\u00f4mica v\u00eam do com\u00e9rcio exterior, com um novo ciclo de commodities. Mas esse fator n\u00e3o \u00e9 suficiente para equalizar os problemas de desemprego e queda de renda. H\u00e1 sinais de retomada na economia brasileira gra\u00e7as a fatores externos, [&hellip;]<\/p>\n","protected":false},"author":2,"featured_media":11124,"comment_status":"","ping_status":"","sticky":false,"template":"","format":"standard","meta":{"footnotes":""},"categories":[3],"tags":[],"class_list":["post-11125","post","type-post","status-publish","format-standard","has-post-thumbnail","hentry","category-noticias"],"_links":{"self":[{"href":"https:\/\/hostnetart.com.br\/baixada\/wp-json\/wp\/v2\/posts\/11125","targetHints":{"allow":["GET"]}}],"collection":[{"href":"https:\/\/hostnetart.com.br\/baixada\/wp-json\/wp\/v2\/posts"}],"about":[{"href":"https:\/\/hostnetart.com.br\/baixada\/wp-json\/wp\/v2\/types\/post"}],"author":[{"embeddable":true,"href":"https:\/\/hostnetart.com.br\/baixada\/wp-json\/wp\/v2\/users\/2"}],"replies":[{"embeddable":true,"href":"https:\/\/hostnetart.com.br\/baixada\/wp-json\/wp\/v2\/comments?post=11125"}],"version-history":[{"count":0,"href":"https:\/\/hostnetart.com.br\/baixada\/wp-json\/wp\/v2\/posts\/11125\/revisions"}],"wp:featuredmedia":[{"embeddable":true,"href":"https:\/\/hostnetart.com.br\/baixada\/wp-json\/wp\/v2\/media\/11124"}],"wp:attachment":[{"href":"https:\/\/hostnetart.com.br\/baixada\/wp-json\/wp\/v2\/media?parent=11125"}],"wp:term":[{"taxonomy":"category","embeddable":true,"href":"https:\/\/hostnetart.com.br\/baixada\/wp-json\/wp\/v2\/categories?post=11125"},{"taxonomy":"post_tag","embeddable":true,"href":"https:\/\/hostnetart.com.br\/baixada\/wp-json\/wp\/v2\/tags?post=11125"}],"curies":[{"name":"wp","href":"https:\/\/api.w.org\/{rel}","templated":true}]}}