{"id":11123,"date":"2021-06-23T03:22:51","date_gmt":"2021-06-23T06:22:51","guid":{"rendered":"https:\/\/hostnetart.com.br\/baixada\/banco-do-brasil-esclarece-orientacoes-sobre-prova-de-vida-do-inss\/"},"modified":"2021-06-23T03:22:51","modified_gmt":"2021-06-23T06:22:51","slug":"banco-do-brasil-esclarece-orientacoes-sobre-prova-de-vida-do-inss","status":"publish","type":"post","link":"https:\/\/hostnetart.com.br\/baixada\/banco-do-brasil-esclarece-orientacoes-sobre-prova-de-vida-do-inss\/","title":{"rendered":"Banco do Brasil esclarece orienta\u00e7\u00f5es sobre prova de vida do INSS"},"content":{"rendered":"<p>Ap\u00f3s\u00a0<a href=\"https:\/\/contrafcut.com.br\/noticias\/prova-de-vida-nas-casas-e-em-hospitais-por-funcionarios-do-bb-e-tragedia-anunciada\/\" target=\"_blank\" rel=\"noopener noreferrer\">press\u00e3o da representa\u00e7\u00e3o dos funcion\u00e1rios<\/a>, o Banco do Brasil esclareceu Instru\u00e7\u00e3o Normativa sobre a prova de vida de benefici\u00e1rios do INSS. \u201cO banco entrou em contato conosco e informou que os benefici\u00e1rios com impossibilidade de locomo\u00e7\u00e3o, que estejam acamados, ou hospitalizados ser\u00e3o orientados a constituir um procurador junto ao INSS. Somente em casos excepcionais, quando n\u00e3o houver possibilidade de constitui\u00e7\u00e3o de um procurador, o gestor deve solicitar autoriza\u00e7\u00e3o ao seu superior hier\u00e1rquico para realizar a prova de vida fora do ambiente f\u00edsico da ag\u00eancia\u201d, disse o coordenador da Comiss\u00e3o de Empresa dos Funcion\u00e1rios do Banco do Brasil (CEBB) Jo\u00e3o Fukunaga.<\/p>\n<p>E o documento do BB ainda esclarece o que seria o atendimento fora do ambiente f\u00edsico da agencia: \u201cEnquadram-se nesse requisito o benefici\u00e1rio que j\u00e1 est\u00e1 nas proximidades da depend\u00eancia, nas situa\u00e7\u00f5es em que \u00e9 conduzido de maca, ou cadeira de rodas, e n\u00e3o tem acesso ao interior da depend\u00eancia\u201d, explicou.<\/p>\n<h3><strong>Sensacionalismo<\/strong><\/h3>\n<p>Fukunaga disse ainda que o funcion\u00e1rio n\u00e3o deve se sentir pressionado, ou achar que n\u00e3o est\u00e1 cumprindo com sua responsabilidade social por causa de reportagens, ou a\u00e7\u00f5es extremadas de benefici\u00e1rios ou de seus familiares.<\/p>\n<p>\u201cO Banco do Brasil e seus funcion\u00e1rios cumprem seu papel de banco p\u00fablico em apoio \u00e0s pol\u00edticas sociais no atendimento da popula\u00e7\u00e3o. Mas, n\u00e3o podemos ser responsabilizados por uma coisa que \u00e9 responsabilidade do governo. Atuamos apenas como um conveniado, em apoio \u00e0 execu\u00e7\u00e3o das pol\u00edticas sociais\u201d, explicou. \u201cAl\u00e9m disso, neste caso, n\u00e3o podemos deixar de dizer que n\u00e3o concordamos com a exig\u00eancia da prova de vida neste momento, em plena pandemia. Uma medida que coloca em risco pessoas que s\u00e3o mais vulner\u00e1veis ao cont\u00e1gio\u201d, disse o coordenador da CEBB, em cr\u00edtica ao governo Bolsonaro.<\/p>\n<h3><strong>Acompanhamento<\/strong><\/h3>\n<p>Mesmo com os esclarecimentos dados pelo banco, o coordenador da CEBB disse que os sindicatos acompanhar\u00e3o de perto os procedimentos realizados pelos funcion\u00e1rios.<\/p>\n<p>\u201cTemos que estar atentos para evitar que haja abusos e descumprimentos do que o banco determina. N\u00e3o podemos nos esquecer de que, dias antes, circulou um boletim interno pedindo que os funcion\u00e1rios \u2018aproveitassem\u2019 a realiza\u00e7\u00e3o da prova de vida para\u00a0<a href=\"https:\/\/contrafcut.com.br\/noticias\/governo-tenta-empurrar-responsabilidade-de-prova-de-vida-do-inss-para-funcionarios-do-bb\/\" target=\"_blank\" rel=\"noopener noreferrer\">vender produtos e servi\u00e7os<\/a>\u00a0e cumprir metas de vendas. Tampouco das amea\u00e7as feitas em \u00e1udios\u201d, afirmou o coordenador da CEBB. \u201cSabemos que o banco orientou que isso n\u00e3o seja feito, mas j\u00e1 vimos, em outras ocasi\u00f5es, gestores desrespeitarem a orienta\u00e7\u00e3o da institui\u00e7\u00e3o para cobrar resultados onde eles n\u00e3o deveriam ser cobrados. Vamos ajudar o banco nesta fiscaliza\u00e7\u00e3o\u201d, completou.<\/p>\n<h3><strong>Quadro reduzido de funcion\u00e1rios<\/strong><\/h3>\n<p>O coordenador da CEBB lembrou, ainda, que os programas de desestrutura\u00e7\u00e3o do banco, implantados desde 2016, reduziram drasticamente o quadro de funcion\u00e1rios. \u201cExiste sobrecarga de trabalho. Em muitos casos, gerentes precisam realizar todas as opera\u00e7\u00f5es banc\u00e1rias por falta de funcion\u00e1rios\u201d, afirmou.<\/p>\n<p>Desde 2016, o banco passou a reduzir o n\u00famero de ag\u00eancias e de funcion\u00e1rios para se adequar ao mercado. De l\u00e1 pra c\u00e1, o banco fechou 5.161 postos de atendimento e reduziu 17.518 vagas no quadro de funcion\u00e1rios.<\/p>\n<p>\u201cN\u00e3o se trata de reestrutura\u00e7\u00e3o, como anunciam pela imprensa. \u00c9 uma desestrutura\u00e7\u00e3o, que visa prejudicar a imagem do banco e de seus funcion\u00e1rios, com o objetivo de privatizar o banco sem que haja reclama\u00e7\u00f5es da sociedade\u201d, disse. \u201cPor isso, estamos em constante\u00a0<a href=\"https:\/\/contrafcut.com.br\/noticias\/contraf-cut-disponibiliza-materiais-da-campanha-em-defesa-dos-bancos-publicos\/\" target=\"_blank\" rel=\"noopener noreferrer\">campanha em defesa dos bancos p\u00fablicos<\/a>\u00a0e nesta semana iniciamos um processo de intensifica\u00e7\u00e3o desta defesa em decorr\u00eancia dos incessantes ataques do governo\u201d, concluiu.<\/p>\n<p><strong>Fonte: Contraf-CUT<\/strong><\/p>\n","protected":false},"excerpt":{"rendered":"<p>Ap\u00f3s\u00a0press\u00e3o da representa\u00e7\u00e3o dos funcion\u00e1rios, o Banco do Brasil esclareceu Instru\u00e7\u00e3o Normativa sobre a prova de vida de benefici\u00e1rios do INSS. \u201cO banco entrou em contato conosco e informou que os benefici\u00e1rios com impossibilidade de locomo\u00e7\u00e3o, que estejam acamados, ou hospitalizados ser\u00e3o orientados a constituir um procurador junto ao INSS. Somente em casos excepcionais, quando [&hellip;]<\/p>\n","protected":false},"author":2,"featured_media":11122,"comment_status":"","ping_status":"","sticky":false,"template":"","format":"standard","meta":{"footnotes":""},"categories":[3],"tags":[],"class_list":["post-11123","post","type-post","status-publish","format-standard","has-post-thumbnail","hentry","category-noticias"],"_links":{"self":[{"href":"https:\/\/hostnetart.com.br\/baixada\/wp-json\/wp\/v2\/posts\/11123","targetHints":{"allow":["GET"]}}],"collection":[{"href":"https:\/\/hostnetart.com.br\/baixada\/wp-json\/wp\/v2\/posts"}],"about":[{"href":"https:\/\/hostnetart.com.br\/baixada\/wp-json\/wp\/v2\/types\/post"}],"author":[{"embeddable":true,"href":"https:\/\/hostnetart.com.br\/baixada\/wp-json\/wp\/v2\/users\/2"}],"replies":[{"embeddable":true,"href":"https:\/\/hostnetart.com.br\/baixada\/wp-json\/wp\/v2\/comments?post=11123"}],"version-history":[{"count":0,"href":"https:\/\/hostnetart.com.br\/baixada\/wp-json\/wp\/v2\/posts\/11123\/revisions"}],"wp:featuredmedia":[{"embeddable":true,"href":"https:\/\/hostnetart.com.br\/baixada\/wp-json\/wp\/v2\/media\/11122"}],"wp:attachment":[{"href":"https:\/\/hostnetart.com.br\/baixada\/wp-json\/wp\/v2\/media?parent=11123"}],"wp:term":[{"taxonomy":"category","embeddable":true,"href":"https:\/\/hostnetart.com.br\/baixada\/wp-json\/wp\/v2\/categories?post=11123"},{"taxonomy":"post_tag","embeddable":true,"href":"https:\/\/hostnetart.com.br\/baixada\/wp-json\/wp\/v2\/tags?post=11123"}],"curies":[{"name":"wp","href":"https:\/\/api.w.org\/{rel}","templated":true}]}}