{"id":11117,"date":"2021-06-22T03:05:52","date_gmt":"2021-06-22T06:05:52","guid":{"rendered":"https:\/\/hostnetart.com.br\/baixada\/santander-estende-horario-de-atendimento-gerencial-ate-as-16h\/"},"modified":"2021-06-22T03:05:52","modified_gmt":"2021-06-22T06:05:52","slug":"santander-estende-horario-de-atendimento-gerencial-ate-as-16h","status":"publish","type":"post","link":"https:\/\/hostnetart.com.br\/baixada\/santander-estende-horario-de-atendimento-gerencial-ate-as-16h\/","title":{"rendered":"Santander estende hor\u00e1rio de atendimento gerencial at\u00e9 \u00e0s 16h"},"content":{"rendered":"<p>A partir de primeiro de julho, todas as ag\u00eancias do Santander ter\u00e3o atendimento gerencial at\u00e9 as 16h. O atendimento no caixa permanece at\u00e9 \u00e0s 14h. Algumas regionais j\u00e1 iniciaram a extens\u00e3o de seus hor\u00e1rios a partir desta semana.<\/p>\n<div dir=\"ltr\">\n<p>A justificativa do banco \u00e9 que est\u00e1 havendo aglomera\u00e7\u00e3o de clientes dentro das ag\u00eancias. Ainda segundo a empresa, a extens\u00e3o visa melhorar o fluxo interno de atendimento e dar vaz\u00e3o pra demanda.<\/p>\n<p>O Sindicato dos Banc\u00e1rios de S\u00e3o Paulo, Osasco e regi\u00e3o aponta a preocupa\u00e7\u00e3o com a sa\u00fade dos trabalhadores, que ter\u00e3o tempo maior de trabalho presencial e, com isto, correr\u00e3o mais risco de exposi\u00e7\u00e3o ao coronav\u00edrus.<\/p>\n<p>A entidade tamb\u00e9m ressalta a urg\u00eancia de contratar mais funcion\u00e1rios a fim de diminuir a sobrecarga de trabalho e, consequentemente, o fluxo de atendimento nas ag\u00eancias.<\/p>\n<p>\u201cNo entanto, vamos monitorar nas pr\u00f3ximas semanas qual o impacto desta extens\u00e3o na rotina e carga de trabalho. Os banc\u00e1rios tamb\u00e9m devem buscar o Sindicato caso as medidas n\u00e3o estejam sendo cumpridas ou percebam uma exposi\u00e7\u00e3o maior ao v\u00edrus\u201d &#8211;\u00a0<cite>Lucimara Malaquias, coordenadora da Comiss\u00e3o de Organiza\u00e7\u00e3o dos Empregados do Santander<\/cite><\/p>\n<p><strong>Fonte: Sindicato dos Banc\u00e1rios de S\u00e3o Paulo<\/strong><\/p>\n<\/div>\n","protected":false},"excerpt":{"rendered":"<p>A partir de primeiro de julho, todas as ag\u00eancias do Santander ter\u00e3o atendimento gerencial at\u00e9 as 16h. O atendimento no caixa permanece at\u00e9 \u00e0s 14h. Algumas regionais j\u00e1 iniciaram a extens\u00e3o de seus hor\u00e1rios a partir desta semana. A justificativa do banco \u00e9 que est\u00e1 havendo aglomera\u00e7\u00e3o de clientes dentro das ag\u00eancias. Ainda segundo a [&hellip;]<\/p>\n","protected":false},"author":2,"featured_media":11116,"comment_status":"","ping_status":"","sticky":false,"template":"","format":"standard","meta":{"footnotes":""},"categories":[3],"tags":[],"class_list":["post-11117","post","type-post","status-publish","format-standard","has-post-thumbnail","hentry","category-noticias"],"_links":{"self":[{"href":"https:\/\/hostnetart.com.br\/baixada\/wp-json\/wp\/v2\/posts\/11117","targetHints":{"allow":["GET"]}}],"collection":[{"href":"https:\/\/hostnetart.com.br\/baixada\/wp-json\/wp\/v2\/posts"}],"about":[{"href":"https:\/\/hostnetart.com.br\/baixada\/wp-json\/wp\/v2\/types\/post"}],"author":[{"embeddable":true,"href":"https:\/\/hostnetart.com.br\/baixada\/wp-json\/wp\/v2\/users\/2"}],"replies":[{"embeddable":true,"href":"https:\/\/hostnetart.com.br\/baixada\/wp-json\/wp\/v2\/comments?post=11117"}],"version-history":[{"count":0,"href":"https:\/\/hostnetart.com.br\/baixada\/wp-json\/wp\/v2\/posts\/11117\/revisions"}],"wp:featuredmedia":[{"embeddable":true,"href":"https:\/\/hostnetart.com.br\/baixada\/wp-json\/wp\/v2\/media\/11116"}],"wp:attachment":[{"href":"https:\/\/hostnetart.com.br\/baixada\/wp-json\/wp\/v2\/media?parent=11117"}],"wp:term":[{"taxonomy":"category","embeddable":true,"href":"https:\/\/hostnetart.com.br\/baixada\/wp-json\/wp\/v2\/categories?post=11117"},{"taxonomy":"post_tag","embeddable":true,"href":"https:\/\/hostnetart.com.br\/baixada\/wp-json\/wp\/v2\/tags?post=11117"}],"curies":[{"name":"wp","href":"https:\/\/api.w.org\/{rel}","templated":true}]}}