{"id":11111,"date":"2021-06-21T20:58:15","date_gmt":"2021-06-21T23:58:15","guid":{"rendered":"https:\/\/hostnetart.com.br\/baixada\/prova-de-vida-nas-casas-e-em-hospitais-por-funcionarios-do-bb-e-tragedia-anunciada\/"},"modified":"2021-06-21T20:58:15","modified_gmt":"2021-06-21T23:58:15","slug":"prova-de-vida-nas-casas-e-em-hospitais-por-funcionarios-do-bb-e-tragedia-anunciada","status":"publish","type":"post","link":"https:\/\/hostnetart.com.br\/baixada\/prova-de-vida-nas-casas-e-em-hospitais-por-funcionarios-do-bb-e-tragedia-anunciada\/","title":{"rendered":"Prova de vida nas casas e em hospitais por funcion\u00e1rios do BB \u00e9 trag\u00e9dia anunciada"},"content":{"rendered":"<p>Depois de ter enviado um boletim interno orientando os funcion\u00e1rios a aproveitar a prova de vida dos benefici\u00e1rios do Instituto Nacional do Seguro Social (INSS) para\u00a0<a href=\"https:\/\/contrafcut.com.br\/noticias\/governo-tenta-empurrar-responsabilidade-de-prova-de-vida-do-inss-para-funcionarios-do-bb\/\" target=\"_blank\" rel=\"noopener noreferrer\">vender produtos e servi\u00e7os<\/a>, o Banco do Brasil colocou superintendentes de todo o pa\u00eds para enviar \u00e1udios aos gestores de ag\u00eancias para convenc\u00ea-los a enviar funcion\u00e1rios para as casas de benefici\u00e1rios, e at\u00e9 em hospitais, para realizar a prova de vida, sem seguran\u00e7a, sem vacina e sem amparo legal para tanto.<\/p>\n<p>O ponto 12.9 da Instru\u00e7\u00e3o Normativa, sobre a realiza\u00e7\u00e3o de prova de vida pelo banco, diz que ela \u201cpoder\u00e1 ser realizada por funcion\u00e1rio BB fora do ambiente da depend\u00eancia, em casos excepcionais, quando o benefici\u00e1rio estiver impossibilitado de se locomover, ou estiver acamado\/hospitalizado\u201d.<\/p>\n<p>\u201cAlteraram uma Instru\u00e7\u00e3o Normativa deixando um texto d\u00fabio para amparar a sa\u00edda dos funcion\u00e1rios\u201d, disse o coordenador da Comiss\u00e3o de Empresa dos Funcion\u00e1rios do Banco do Brasil (CEBB), Jo\u00e3o Fukunaga. \u201cAs den\u00fancias que chegaram at\u00e9 n\u00f3s s\u00e3o de que os \u00e1udios eram em tom de amea\u00e7a a quem se recusar a fazer a prova de vida, ou, se houver reclama\u00e7\u00e3o, o funcion\u00e1rio perder\u00e1 o semestre no Conex\u00e3o, na PLR e no PDG\u201d, completou.<\/p>\n<p>O Conex\u00e3o e o PDG (Programa de Desempenho Gratificado) s\u00e3o programas de premia\u00e7\u00e3o de desempenho dos funcion\u00e1rios, medidos de acordo com metas definidas pelo banco. A PLR \u00e9 a Participa\u00e7\u00e3o nos Lucros e\/ou Resultados, definida em Lei, na Conven\u00e7\u00e3o Coletiva de Trabalho (CCT) da categoria e no Acordo Coletivo de Trabalho espec\u00edfico do banco.<\/p>\n<p>\u201cS\u00e3o amea\u00e7as absurdas! Jamais um funcion\u00e1rio deve ser amea\u00e7ado desta maneira. Mas, s\u00e3o coisas que acabam acontecendo quando o banco n\u00e3o \u00e9 transparente com rela\u00e7\u00e3o \u00e0 defini\u00e7\u00e3o das metas e de quem deve ser, ou n\u00e3o premiado. Fica no subjetivismo que descambam para o tipo de coisa que est\u00e1 acontecendo\u201d, disse Fukunaga. \u201cO mais absurdo \u00e9 que isto vem da \u00e1rea de neg\u00f3cios de varejos, comandada por vice-presidente elevado do cargo de superitende de forma repentina por ter apoiado o atual Presidente da Rep\u00fablica desde a campanha eleitoral. Mais uma medida criada sem qualquer preocupa\u00e7\u00e3o com a vida das pessoas, neste caso dos funcion\u00e1rios do Banco do Brasil\u201d, completou.<\/p>\n<h3><strong>Prova de vida<\/strong><\/h3>\n<p>Com rela\u00e7\u00e3o \u00e0 realiza\u00e7\u00e3o da prova de vida pelos funcion\u00e1rios do banco, o coordenador da CEBB explica que ela s\u00f3 poderia ser feita nas depend\u00eancias da ag\u00eancia e apenas para os benefici\u00e1rios que t\u00eam conta no banco.<\/p>\n<p>\u201cMandar os funcion\u00e1rios realizarem atendimentos fora das depend\u00eancias das ag\u00eancias vai contra o que est\u00e1 estabelecido no contrato de trabalho. A Instru\u00e7\u00e3o Normativa alterada pelo banco para permitir este atendimento n\u00e3o tem amparo legal\u201d, explicou Fukunaga. \u201cDaqui a pouco v\u00e3o querer obrigar os funcion\u00e1rios a irem aos hospitais para realizar a prova de vida. Em uma situa\u00e7\u00e3o normal isso j\u00e1 seria grave. Com uma pandemia estabelecida no pa\u00eds isso \u00e9 ainda pior. Os funcion\u00e1rios n\u00e3o est\u00e3o preparados para realizar este tipo de servi\u00e7o. E nem precisam se sentir obrigados a faz\u00ea-lo\u201d, disse. \u201cMas, tudo isso faz parte da pol\u00edtica de sucateamento e ataques ao banco e aos funcion\u00e1rios e \u00e0s suas imagens\u201d, completou.<\/p>\n<h3><strong>Problemas \u00e0 vista<\/strong><\/h3>\n<p>Para o coordenador da CEBB, colocar banc\u00e1rios para realizar servi\u00e7os de assist\u00eancia social e em ambientes fora do banco, sem que os mesmos tenham a devida capacita\u00e7\u00e3o, pode gerar s\u00e9rias consequ\u00eancias para todos. \u201cEsta \u00e9 uma responsabilidade do INSS, que como o nome diz, trabalha com servi\u00e7o social. O problema \u00e9 que o governo tamb\u00e9m sucateia o INSS e, por isso, este n\u00e3o consegue atender toda a demanda. Al\u00e9m disso, em plena pandemia, obriga as pessoas, muita vezes acamadas, ou impossibilitadas de se locomover, a realizarem prova de vida, colocando-as em risco. Depois, n\u00e3o quer ser responsabilizado pela morte das mais de 500 mil pessoas que morreram de Covid-19\u2033, observou Fukunaga.<\/p>\n<p>\u201cMas, responsabilizar os banc\u00e1rios por um atendimento para o qual eles n\u00e3o est\u00e3o preparados e sem amparo legal, nem seguran\u00e7a sanit\u00e1ria, \u00e9 no m\u00ednimo irresponsabilidade, ou sensacionalismo\u201d, disse o representante dos funcion\u00e1rios ao se referir \u00e0\u00a0<a href=\"https:\/\/g1.globo.com\/rj\/rio-de-janeiro\/noticia\/2021\/06\/16\/familia-diz-que-idosa-acamada-e-com-demencia-foi-obrigada-a-ir-em-agencia-bancaria-fazer-prova-de-vida.ghtml\" target=\"_blank\" rel=\"noopener noreferrer\">reportagem veiculada pelo telejornal RJTV<\/a>, da Rede Globo no dia 16 de junho. \u201cJogar a culpa no banc\u00e1rio \u00e9 f\u00e1cil. Quero ver a jornalista fazer o verdadeiro jornalismo e ir a fundo no problema, que vai muito al\u00e9m das paredes da ag\u00eancia e chegam \u00e0s vidra\u00e7as do Pal\u00e1cio do Planalto, passando tamb\u00e9m pelo Congresso Nacional\u201d, desabafou.<\/p>\n<p>O telejornal da Globo no Rio de Janeiro exibiu uma reportagem de uma senhora de 86 anos, que estava acamada e n\u00e3o conseguiu fazer a prova de vida pelos meios digitais indicados pelo INSS. Por isso, foi levada pela filha em um carro para fazer a prova de vida em uma ag\u00eancia do Banco do Brasil.<\/p>\n<p>\u201c\u00c9 triste. Mas, \u00e9 preciso dizer que muitos outros casos devem ocorrer Brasil afora. Culpa dos funcion\u00e1rios j\u00e1 sobrecarregas que restam nas ag\u00eancias e que n\u00e3o receberam sequer capacita\u00e7\u00e3o para realizar o servi\u00e7o? Claro que n\u00e3o. \u00c9 de quem diz que o banco j\u00e1 era para ter sido privatizado, mas que joga para o Banco do Brasil os casos de emerg\u00eancia\u201d, disse Fukunaga, ao lembrar das\u00a0<a href=\"https:\/\/economia.uol.com.br\/noticias\/redacao\/2020\/05\/22\/guedes-o-banco-do-brasil-e-um-caso-pronto-de-privatizacao.htm\" target=\"_blank\" rel=\"noopener noreferrer\">declara\u00e7\u00f5es do ministro da Economia, Paulo Guedes<\/a>.<\/p>\n<p>\u201c\u00c9 por isso que estamos em constante\u00a0<a href=\"https:\/\/contrafcut.com.br\/noticias\/contraf-cut-disponibiliza-materiais-da-campanha-em-defesa-dos-bancos-publicos\/\" target=\"_blank\" rel=\"noopener noreferrer\">campanha em defesa dos bancos p\u00fablicos<\/a>\u00a0e nesta semana iniciamos um processo intensifica\u00e7\u00e3o desta defesa em decorr\u00eancia dos incessantes ataques do governo\u201d, concluiu.<\/p>\n<h3><strong>Quadro reduzido de funcion\u00e1rios<\/strong><\/h3>\n<p>Al\u00e9m disso, o coordenador da CEBB tamb\u00e9m lembrou que os programas de desestrutura\u00e7\u00e3o do banco, implantados desde 2016, reduziram drasticamente seu quadro de funcion\u00e1rios. \u201cExiste sobrecarga de trabalho. Em muitos casos, gerentes precisam realizar todas as opera\u00e7\u00f5es banc\u00e1rias por falta de funcion\u00e1rios\u201d, afirmou. \u201cImagina incluir a obriga\u00e7\u00e3o de se fazer prova de vida de benefici\u00e1rios do INSS nas casas e hospitais. O gerente sai e deixa uma plaquinha \u2018volto j\u00e1\u2019 grudada na porta?\u201d, questionou o coordenador da CEBB?<\/p>\n<p>Desde 2016, o banco passou a reduzir o n\u00famero de ag\u00eancias e de funcion\u00e1rios para se adequar ao mercado. De l\u00e1 pra c\u00e1, o banco fechou 5.161 postos de atendimento e reduziu 17.518 vagas no quadro de funcion\u00e1rios.<\/p>\n<p>\u201cN\u00e3o se trata de reestrutura\u00e7\u00e3o, como anunciam pela imprensa. \u00c9 uma desestrutura\u00e7\u00e3o, que visa prejudicar a imagem do banco e de seus funcion\u00e1rios, com o objetivo de privatizar o banco sem que haja reclama\u00e7\u00f5es da sociedade\u201d, disse.<\/p>\n<p><strong>Fonte: Contraf-CUT<\/strong><\/p>\n","protected":false},"excerpt":{"rendered":"<p>Depois de ter enviado um boletim interno orientando os funcion\u00e1rios a aproveitar a prova de vida dos benefici\u00e1rios do Instituto Nacional do Seguro Social (INSS) para\u00a0vender produtos e servi\u00e7os, o Banco do Brasil colocou superintendentes de todo o pa\u00eds para enviar \u00e1udios aos gestores de ag\u00eancias para convenc\u00ea-los a enviar funcion\u00e1rios para as casas de [&hellip;]<\/p>\n","protected":false},"author":2,"featured_media":11110,"comment_status":"","ping_status":"","sticky":false,"template":"","format":"standard","meta":{"footnotes":""},"categories":[3],"tags":[],"class_list":["post-11111","post","type-post","status-publish","format-standard","has-post-thumbnail","hentry","category-noticias"],"_links":{"self":[{"href":"https:\/\/hostnetart.com.br\/baixada\/wp-json\/wp\/v2\/posts\/11111","targetHints":{"allow":["GET"]}}],"collection":[{"href":"https:\/\/hostnetart.com.br\/baixada\/wp-json\/wp\/v2\/posts"}],"about":[{"href":"https:\/\/hostnetart.com.br\/baixada\/wp-json\/wp\/v2\/types\/post"}],"author":[{"embeddable":true,"href":"https:\/\/hostnetart.com.br\/baixada\/wp-json\/wp\/v2\/users\/2"}],"replies":[{"embeddable":true,"href":"https:\/\/hostnetart.com.br\/baixada\/wp-json\/wp\/v2\/comments?post=11111"}],"version-history":[{"count":0,"href":"https:\/\/hostnetart.com.br\/baixada\/wp-json\/wp\/v2\/posts\/11111\/revisions"}],"wp:featuredmedia":[{"embeddable":true,"href":"https:\/\/hostnetart.com.br\/baixada\/wp-json\/wp\/v2\/media\/11110"}],"wp:attachment":[{"href":"https:\/\/hostnetart.com.br\/baixada\/wp-json\/wp\/v2\/media?parent=11111"}],"wp:term":[{"taxonomy":"category","embeddable":true,"href":"https:\/\/hostnetart.com.br\/baixada\/wp-json\/wp\/v2\/categories?post=11111"},{"taxonomy":"post_tag","embeddable":true,"href":"https:\/\/hostnetart.com.br\/baixada\/wp-json\/wp\/v2\/tags?post=11111"}],"curies":[{"name":"wp","href":"https:\/\/api.w.org\/{rel}","templated":true}]}}