{"id":11107,"date":"2021-06-18T18:24:41","date_gmt":"2021-06-18T21:24:41","guid":{"rendered":"https:\/\/hostnetart.com.br\/baixada\/dois-bancarios-do-bradesco-sao-reintegrados-pelo-sindicato-dos-bancarios-da-baixada-fluminense\/"},"modified":"2021-06-18T18:24:41","modified_gmt":"2021-06-18T21:24:41","slug":"dois-bancarios-do-bradesco-sao-reintegrados-pelo-sindicato-dos-bancarios-da-baixada-fluminense","status":"publish","type":"post","link":"https:\/\/hostnetart.com.br\/baixada\/dois-bancarios-do-bradesco-sao-reintegrados-pelo-sindicato-dos-bancarios-da-baixada-fluminense\/","title":{"rendered":"Dois banc\u00e1rios do Bradesco s\u00e3o reintegrados pelo Sindicato dos Banc\u00e1rios da Baixada Fluminense"},"content":{"rendered":"<p>Nesta sexta-feira, 18 de junho, o Sindicato dos Banc\u00e1rios da Baixada Fluminense reintegrou mais dois banc\u00e1rios do Banco Bradesco.<\/p>\n<p>Por decis\u00e3o da 2a e 3a Varas do Trabalho de S\u00e3o Jo\u00e3o de Meriti, os banc\u00e1rios Marcos Eduardo Silva de Sousa e Jefferson Ferreira do Prado, tiveram suas fun\u00e7\u00f5es restitu\u00eddas.<\/p>\n<p>As reintegra\u00e7\u00f5es ocorreram na ag\u00eancia 544 (Centro &#8211; S\u00e3o Jo\u00e3o de Meriti) e \u00e9 fruto do trabalho dos Departamentos Jur\u00eddico e de Sa\u00fade do Sindicato dos Banc\u00e1rios da Baixada Fluminense.<\/p>\n<p>Marcos Eduardo Silva de Sousa obteve o benef\u00edcio previdenci\u00e1rio na modalidade B-91, aux\u00edlio acident\u00e1rio, durante a proje\u00e7\u00e3o do aviso pr\u00e9vio. Caracterizando que, quando da demiss\u00e3o, estava inapto.<\/p>\n<p>J\u00e1 a demiss\u00e3o de Jefferson Ferreira do Prado ocorreu em plena pandemia do novo coronav\u00edrus, contrariando um compromisso firmado pelos grandes bancos com a categoria banc\u00e1ria de n\u00e3o demitir durante a pandemia.<\/p>\n<p>\u00c9 importante ressaltar que os banc\u00e1rios, logo que souberam de suas demiss\u00f5es, procuraram atendimento no Sindicato. O contato imediato, ap\u00f3s o desligamento, \u00e9 fundamental para que a reintegra\u00e7\u00e3o seja exitosa e ocorra com rapidez.<\/p>\n<p><span style=\"text-decoration: underline;\">IMPORTANTE<\/span><\/p>\n<p>Em caso de demiss\u00e3o, a orienta\u00e7\u00e3o \u00e9 para que o banc\u00e1rio ou banc\u00e1ria entre em contato imediatamente com o Sindicato.<\/p>\n<p><strong>SINDICALIZE-SE<\/strong><\/p>\n","protected":false},"excerpt":{"rendered":"<p>Nesta sexta-feira, 18 de junho, o Sindicato dos Banc\u00e1rios da Baixada Fluminense reintegrou mais dois banc\u00e1rios do Banco Bradesco. Por decis\u00e3o da 2a e 3a Varas do Trabalho de S\u00e3o Jo\u00e3o de Meriti, os banc\u00e1rios Marcos Eduardo Silva de Sousa e Jefferson Ferreira do Prado, tiveram suas fun\u00e7\u00f5es restitu\u00eddas. As reintegra\u00e7\u00f5es ocorreram na ag\u00eancia 544 [&hellip;]<\/p>\n","protected":false},"author":2,"featured_media":11106,"comment_status":"","ping_status":"","sticky":false,"template":"","format":"standard","meta":{"footnotes":""},"categories":[3],"tags":[],"class_list":["post-11107","post","type-post","status-publish","format-standard","has-post-thumbnail","hentry","category-noticias"],"_links":{"self":[{"href":"https:\/\/hostnetart.com.br\/baixada\/wp-json\/wp\/v2\/posts\/11107","targetHints":{"allow":["GET"]}}],"collection":[{"href":"https:\/\/hostnetart.com.br\/baixada\/wp-json\/wp\/v2\/posts"}],"about":[{"href":"https:\/\/hostnetart.com.br\/baixada\/wp-json\/wp\/v2\/types\/post"}],"author":[{"embeddable":true,"href":"https:\/\/hostnetart.com.br\/baixada\/wp-json\/wp\/v2\/users\/2"}],"replies":[{"embeddable":true,"href":"https:\/\/hostnetart.com.br\/baixada\/wp-json\/wp\/v2\/comments?post=11107"}],"version-history":[{"count":0,"href":"https:\/\/hostnetart.com.br\/baixada\/wp-json\/wp\/v2\/posts\/11107\/revisions"}],"wp:featuredmedia":[{"embeddable":true,"href":"https:\/\/hostnetart.com.br\/baixada\/wp-json\/wp\/v2\/media\/11106"}],"wp:attachment":[{"href":"https:\/\/hostnetart.com.br\/baixada\/wp-json\/wp\/v2\/media?parent=11107"}],"wp:term":[{"taxonomy":"category","embeddable":true,"href":"https:\/\/hostnetart.com.br\/baixada\/wp-json\/wp\/v2\/categories?post=11107"},{"taxonomy":"post_tag","embeddable":true,"href":"https:\/\/hostnetart.com.br\/baixada\/wp-json\/wp\/v2\/tags?post=11107"}],"curies":[{"name":"wp","href":"https:\/\/api.w.org\/{rel}","templated":true}]}}