{"id":11105,"date":"2021-06-18T03:21:39","date_gmt":"2021-06-18T06:21:39","guid":{"rendered":"https:\/\/hostnetart.com.br\/baixada\/e-preciso-debater-o-papel-das-estatais\/"},"modified":"2021-06-18T03:21:39","modified_gmt":"2021-06-18T06:21:39","slug":"e-preciso-debater-o-papel-das-estatais","status":"publish","type":"post","link":"https:\/\/hostnetart.com.br\/baixada\/e-preciso-debater-o-papel-das-estatais\/","title":{"rendered":"\u00c9 preciso debater o papel das estatais"},"content":{"rendered":"<p>\u201cO debate sobre o Estado e as empresas p\u00fablicas brasileiras est\u00e1 completamente fora de foco se comparado aos \u00faltimos acontecimentos no cen\u00e1rio internacional\u201d, dizem os economistas Paulo J\u00e4ger e Fernando Amorim Teixeira, ambos do Departamento Intersindical de Estat\u00edstica e Estudos Socioecon\u00f4micos (Dieese), em artigo publicado no site de not\u00edcias Poder360, ao lembrar do\u00a0<a href=\"https:\/\/www.poder360.com.br\/internacional\/senado-dos-eua-aprova-pacote-de-us-19-trilhao-de-biden\/\" target=\"_blank\" rel=\"noopener noreferrer\">pacote do governo Joe Biden<\/a>\u00a0para estimular a economia dos Estados Unidos e da not\u00edcia de que o\u00a0<a href=\"https:\/\/www.istoedinheiro.com.br\/reino-unido-vai-lancar-banco-publico-para-financiar-infraestrutura\/\" target=\"_blank\" rel=\"noopener noreferrer\">Reino Unido est\u00e1 prestes a inaugurar um banco p\u00fablico<\/a>\u00a0para financiar investimentos em infraestrutura.<\/p>\n<p>Logo no in\u00edcio do texto, eles observam que uma parte da popula\u00e7\u00e3o brasileira enxerga o Estado como se ele fosse inchado e ineficiente. Al\u00e9m disso, que as estatais n\u00e3o t\u00eam import\u00e2ncia econ\u00f4mica e social e servem apenas como parte da estrutura utilizada para abrigar membros de partidos pol\u00edticos.<\/p>\n<p>Para os economistas, essa vis\u00e3o errada das empresas estatais foi constru\u00edda no decorrer da hist\u00f3ria por defensores de um \u201cliberalismo fora de \u00e9poca\u201d e alimentada pelos governos Michel Temer e Bolsonaro, que visam a retomada dos processos de privatiza\u00e7\u00e3o.<\/p>\n<p>Eles explicam que os defensores deste liberalismo privatizante se valem da distor\u00e7\u00e3o da realidade e do desvio de fun\u00e7\u00e3o das estatais para menosprezar a import\u00e2ncia destas empresas e desfocar o debate, que sequer chega \u00e0 sociedade.<\/p>\n<p>Os economistas ressaltam, por\u00e9m, que \u201cum olhar atento sobre a hist\u00f3ria, a compet\u00eancia, as \u00e1reas de atua\u00e7\u00e3o e o papel das estatais e sobre os programas por elas desenvolvidos permite avaliar a import\u00e2ncia que essas empresas possuem na promo\u00e7\u00e3o do desenvolvimento econ\u00f4mico e social nacional\u201d.<\/p>\n<p>E citam como exemplo o papel do cr\u00e9dito ofertado pelos bancos p\u00fablicos para reduzir as desigualdades regionais.<\/p>\n<p>\u201cNesse momento de aguda crise sanit\u00e1ria e socioecon\u00f4mica em escala global, as estatais t\u00eam potencial para apoiar a recupera\u00e7\u00e3o e o desenvolvimento econ\u00f4mico, social e ambiental\u201d, defendem. E que \u201c\u00e9 por essa raz\u00e3o que diversos pa\u00edses t\u00eam lan\u00e7ado pacotes bilion\u00e1rios de gastos p\u00fablicos\u201d.<\/p>\n<p>Os autores do texto tamb\u00e9m d\u00e3o alguns exemplos da contribui\u00e7\u00e3o que pode ser dada pelas estatais ao pa\u00eds:<\/p>\n<ul>\n<li>Amplia\u00e7\u00e3o dos investimentos, estimulando, em consequ\u00eancia, a aplica\u00e7\u00e3o de recursos pela iniciativa privada;<\/li>\n<li>Investimento direto do Estado, por meio da expans\u00e3o do cr\u00e9dito pelos bancos p\u00fablicos, seja ao capital de giro para empresas em dificuldade, seja para amplia\u00e7\u00e3o da capacidade instalada em setores espec\u00edficos; e<\/li>\n<li>Pela lideran\u00e7a das grandes empresas estatais (Petrobras e Eletrobr\u00e1s) no processo de transi\u00e7\u00e3o energ\u00e9tica, j\u00e1 iniciado nos pa\u00edses desenvolvidos.<\/li>\n<\/ul>\n<p>Eles concluem o texto observando que, no Brasil, \u201co governo, em vez de utilizar a institucionalidade estatal brasileira de forma eficiente e direcionada, aproveitando a experi\u00eancia acumulada por d\u00e9cadas, desorganiza a administra\u00e7\u00e3o p\u00fablica e se desfaz dos principais ativos a pre\u00e7os vis, sob a falsa promessa de que os capitais privados liderar\u00e3o novo processo de investimentos e desenvolvimento tecnol\u00f3gico, econ\u00f4mico e social. Essa promessa nunca se efetivou em qualquer momento da hist\u00f3ria brasileira e n\u00e3o h\u00e1 nenhuma raz\u00e3o para se acreditar que agora se concretizar\u00e1\u201d.<\/p>\n<p>Leia o\u00a0<a href=\"https:\/\/www.poder360.com.br\/opiniao\/economia\/e-preciso-debater-o-papel-das-estatais-escrevem-paulo-jager-e-fernando-teixeira\/\" target=\"_blank\" rel=\"noopener noreferrer\">artigo na \u00edntegra<\/a>\u00a0diretamente do site do Poder360.<\/p>\n<p><strong>Fonte: Contraf-CUT<\/strong><\/p>\n","protected":false},"excerpt":{"rendered":"<p>\u201cO debate sobre o Estado e as empresas p\u00fablicas brasileiras est\u00e1 completamente fora de foco se comparado aos \u00faltimos acontecimentos no cen\u00e1rio internacional\u201d, dizem os economistas Paulo J\u00e4ger e Fernando Amorim Teixeira, ambos do Departamento Intersindical de Estat\u00edstica e Estudos Socioecon\u00f4micos (Dieese), em artigo publicado no site de not\u00edcias Poder360, ao lembrar do\u00a0pacote do governo [&hellip;]<\/p>\n","protected":false},"author":2,"featured_media":11104,"comment_status":"","ping_status":"","sticky":false,"template":"","format":"standard","meta":{"footnotes":""},"categories":[3],"tags":[],"class_list":["post-11105","post","type-post","status-publish","format-standard","has-post-thumbnail","hentry","category-noticias"],"_links":{"self":[{"href":"https:\/\/hostnetart.com.br\/baixada\/wp-json\/wp\/v2\/posts\/11105","targetHints":{"allow":["GET"]}}],"collection":[{"href":"https:\/\/hostnetart.com.br\/baixada\/wp-json\/wp\/v2\/posts"}],"about":[{"href":"https:\/\/hostnetart.com.br\/baixada\/wp-json\/wp\/v2\/types\/post"}],"author":[{"embeddable":true,"href":"https:\/\/hostnetart.com.br\/baixada\/wp-json\/wp\/v2\/users\/2"}],"replies":[{"embeddable":true,"href":"https:\/\/hostnetart.com.br\/baixada\/wp-json\/wp\/v2\/comments?post=11105"}],"version-history":[{"count":0,"href":"https:\/\/hostnetart.com.br\/baixada\/wp-json\/wp\/v2\/posts\/11105\/revisions"}],"wp:featuredmedia":[{"embeddable":true,"href":"https:\/\/hostnetart.com.br\/baixada\/wp-json\/wp\/v2\/media\/11104"}],"wp:attachment":[{"href":"https:\/\/hostnetart.com.br\/baixada\/wp-json\/wp\/v2\/media?parent=11105"}],"wp:term":[{"taxonomy":"category","embeddable":true,"href":"https:\/\/hostnetart.com.br\/baixada\/wp-json\/wp\/v2\/categories?post=11105"},{"taxonomy":"post_tag","embeddable":true,"href":"https:\/\/hostnetart.com.br\/baixada\/wp-json\/wp\/v2\/tags?post=11105"}],"curies":[{"name":"wp","href":"https:\/\/api.w.org\/{rel}","templated":true}]}}