{"id":11099,"date":"2021-06-17T03:52:45","date_gmt":"2021-06-17T06:52:45","guid":{"rendered":"https:\/\/hostnetart.com.br\/baixada\/contraf-cut-solicita-reuniao-com-novo-presidente-da-cassi\/"},"modified":"2021-06-17T03:52:45","modified_gmt":"2021-06-17T06:52:45","slug":"contraf-cut-solicita-reuniao-com-novo-presidente-da-cassi","status":"publish","type":"post","link":"https:\/\/hostnetart.com.br\/baixada\/contraf-cut-solicita-reuniao-com-novo-presidente-da-cassi\/","title":{"rendered":"Contraf-CUT solicita reuni\u00e3o com novo presidente da Cassi"},"content":{"rendered":"<p>A Confedera\u00e7\u00e3o Nacional dos Trabalhadores do Ramo Financeiro (Contraf-CUT) enviou nesta quarta-feira (16) um of\u00edcio ao novo presidente da Caixa de Assist\u00eancia dos Funcion\u00e1rios do Banco do Brasil (Cassi), Cl\u00f3vis de Castro J\u00fanior, solicitando o agendamento de reuni\u00e3o, em formato eletr\u00f4nico.<\/p>\n<p>\u201cEle acabou de tomar posse no cargo. Al\u00e9m de fazermos as devidas apresenta\u00e7\u00f5es, vamos apresentar o cen\u00e1rio das rela\u00e7\u00f5es entre as entidades representativas da categoria e dos usu\u00e1rios da Cassi. Tamb\u00e9m queremos transmitir nossas posi\u00e7\u00f5es referentes aos planos de assist\u00eancia \u00e0 sa\u00fade dos colegas funcion\u00e1rios do Banco do Brasil\u201d, explicou o coordenador da Comiss\u00e3o de Empresa dos Funcion\u00e1rios do Banco do Brasil (CEBB), Jo\u00e3o Fukunaga.<\/p>\n<p>O of\u00edcio ressalta que \u201ca Cassi \u00e9 um patrim\u00f4nio inestim\u00e1vel dos funcion\u00e1rios do Banco do Brasil e de seus dependentes\u201d e que os trabalhadores t\u00eam \u201ca certeza da necessidade da manuten\u00e7\u00e3o de suas atividades e da continuidade das melhorias de seus servi\u00e7os, sempre em aten\u00e7\u00e3o aos cuidados da sa\u00fade dessa comunidade\u201d.<\/p>\n<p>\u201cQueremos destacar a import\u00e2ncia dos canais de relacionamento entre as partes, que possibilitam a garantia dos debates de interesse dos funcion\u00e1rios, usu\u00e1rios e seus dependentes\u201d, disse o coordenador da CEBB. \u201cEsperamos que a reuni\u00e3o seja realizada assim que poss\u00edvel, para que possamos reestabelecer as mesas de negocia\u00e7\u00f5es. T\u00e3o logo ela seja realizada, os funcion\u00e1rios e usu\u00e1rios ser\u00e3o comunicados\u201d, concluiu.<\/p>\n<p><strong>Fonte: Contraf-CUT<\/strong><\/p>\n","protected":false},"excerpt":{"rendered":"<p>A Confedera\u00e7\u00e3o Nacional dos Trabalhadores do Ramo Financeiro (Contraf-CUT) enviou nesta quarta-feira (16) um of\u00edcio ao novo presidente da Caixa de Assist\u00eancia dos Funcion\u00e1rios do Banco do Brasil (Cassi), Cl\u00f3vis de Castro J\u00fanior, solicitando o agendamento de reuni\u00e3o, em formato eletr\u00f4nico. \u201cEle acabou de tomar posse no cargo. Al\u00e9m de fazermos as devidas apresenta\u00e7\u00f5es, vamos [&hellip;]<\/p>\n","protected":false},"author":2,"featured_media":11098,"comment_status":"","ping_status":"","sticky":false,"template":"","format":"standard","meta":{"footnotes":""},"categories":[3],"tags":[],"class_list":["post-11099","post","type-post","status-publish","format-standard","has-post-thumbnail","hentry","category-noticias"],"_links":{"self":[{"href":"https:\/\/hostnetart.com.br\/baixada\/wp-json\/wp\/v2\/posts\/11099","targetHints":{"allow":["GET"]}}],"collection":[{"href":"https:\/\/hostnetart.com.br\/baixada\/wp-json\/wp\/v2\/posts"}],"about":[{"href":"https:\/\/hostnetart.com.br\/baixada\/wp-json\/wp\/v2\/types\/post"}],"author":[{"embeddable":true,"href":"https:\/\/hostnetart.com.br\/baixada\/wp-json\/wp\/v2\/users\/2"}],"replies":[{"embeddable":true,"href":"https:\/\/hostnetart.com.br\/baixada\/wp-json\/wp\/v2\/comments?post=11099"}],"version-history":[{"count":0,"href":"https:\/\/hostnetart.com.br\/baixada\/wp-json\/wp\/v2\/posts\/11099\/revisions"}],"wp:featuredmedia":[{"embeddable":true,"href":"https:\/\/hostnetart.com.br\/baixada\/wp-json\/wp\/v2\/media\/11098"}],"wp:attachment":[{"href":"https:\/\/hostnetart.com.br\/baixada\/wp-json\/wp\/v2\/media?parent=11099"}],"wp:term":[{"taxonomy":"category","embeddable":true,"href":"https:\/\/hostnetart.com.br\/baixada\/wp-json\/wp\/v2\/categories?post=11099"},{"taxonomy":"post_tag","embeddable":true,"href":"https:\/\/hostnetart.com.br\/baixada\/wp-json\/wp\/v2\/tags?post=11099"}],"curies":[{"name":"wp","href":"https:\/\/api.w.org\/{rel}","templated":true}]}}