{"id":11097,"date":"2021-06-17T03:50:24","date_gmt":"2021-06-17T06:50:24","guid":{"rendered":"https:\/\/hostnetart.com.br\/baixada\/cee-caixa-aponta-falhas-na-aplicacao-dos-protocolos-contra-a-covid-19-e-cobra-medidas-da-caixa\/"},"modified":"2021-06-17T03:50:24","modified_gmt":"2021-06-17T06:50:24","slug":"cee-caixa-aponta-falhas-na-aplicacao-dos-protocolos-contra-a-covid-19-e-cobra-medidas-da-caixa","status":"publish","type":"post","link":"https:\/\/hostnetart.com.br\/baixada\/cee-caixa-aponta-falhas-na-aplicacao-dos-protocolos-contra-a-covid-19-e-cobra-medidas-da-caixa\/","title":{"rendered":"CEE\/Caixa aponta falhas na aplica\u00e7\u00e3o dos protocolos contra a Covid-19 e cobra medidas da Caixa"},"content":{"rendered":"<p>Em mesa de negocia\u00e7\u00e3o realizada nesta quarta-feira (16), a Comiss\u00e3o Executiva dos Empregados (CEE) da Caixa e o banco discutiram a atualiza\u00e7\u00e3o do protocolo de preven\u00e7\u00e3o Covid-19. \u202fA reuni\u00e3o espec\u00edfica para a constru\u00e7\u00e3o de uma prote\u00e7\u00e3o mais efetiva para os trabalhadores era uma cobran\u00e7a dos representantes dos empregados e das entidades, j\u00e1 que as regras n\u00e3o eram revisadas desde julho de 2020 e o n\u00famero de casos e mortes entre os empregados aumentaram.<\/p>\n<p>Na segunda-feira (14), a dire\u00e7\u00e3o do banco anunciou alguns refor\u00e7os, como a testagem em massa dos empregados; a amplia\u00e7\u00e3o de orienta\u00e7\u00f5es internas de preven\u00e7\u00e3o ao cont\u00e1gio e a\u00e7\u00f5es de higieniza\u00e7\u00e3o das unidades; acompanhamento emocional e psicol\u00f3gico dos trabalhadores e a manuten\u00e7\u00e3o do home office at\u00e9 o dia 30 de setembro.<\/p>\n<p>Essas a\u00e7\u00f5es j\u00e1 eram demandas das entidades, algumas sugeridas desde o ano passado. No caso do home office, por exemplo, al\u00e9m de manter esse regime de trabalho, a CCE cobrou a amplia\u00e7\u00e3o do grupo de empregados nesta modalidade, j\u00e1 que as novas variantes do v\u00edrus podem agravar a doen\u00e7a em pessoas fora do grupo de risco. Embora tenha adotados as medidas, na avalia\u00e7\u00e3o dos integrantes da CEE\/Caixa, como a aplica\u00e7\u00e3o n\u00e3o foi tempestiva, as medidas adotadas agora pelo\u202fbanco s\u00e3o insuficientes.<\/p>\n<p>Os representantes dos empregados apontaram falhas nas aplica\u00e7\u00f5es dos protocolos e cobraram medidas al\u00e9m das anunciadas pela Caixa. A coordenadora da Comiss\u00e3o, Fabiana Uehara Proscholdt, cobrou esclarecimentos sobre o fechamento das ag\u00eancias para higieniza\u00e7\u00e3o, em caso de contamina\u00e7\u00e3o de algum empregado ou prestador de servi\u00e7o. \u201cDevido \u00e0 falta de objetividade nas orienta\u00e7\u00f5es, em algumas unidades a limpeza \u00e9 realizada com empregado dentro da unidade, e isso s\u00f3 ocorre na Caixa\u201d, explicou. \u201c\u00c9 preciso deixar expl\u00edcito que a unidade s\u00f3 pode reabrir ap\u00f3s a higieniza\u00e7\u00e3o. A orienta\u00e7\u00e3o deve ser da empresa, pois a responsabilidade pela sa\u00fade e seguran\u00e7a de empregados e clientes \u00e9 dela. Por isso, as determina\u00e7\u00f5es no protocolo devem ser inequ\u00edvocas\u201d.<\/p>\n<p>Al\u00e9m da higieniza\u00e7\u00e3o nos casos de contamina\u00e7\u00e3o, a coordenadora chamou aten\u00e7\u00e3o para a limpeza di\u00e1ria das ag\u00eancias. No in\u00edcio da pandemia, a Caixa comunicou que as unidades deviriam passar por, pelo menos, seis limpezas di\u00e1rias. Na live em que anunciou as novas medidas de prote\u00e7\u00e3o, o banco informou que vai ampliar essa medida. \u201cComo vai ampliar se nem mesmo o m\u00ednimo era cumprido? O banco tamb\u00e9m precisa esclarecer esta quest\u00e3o\u201d, alertou Fabiana.<\/p>\n<p>Na reuni\u00e3o, os participantes definiram que est\u00e3o suspensas todas as reuni\u00f5es presenciais, bem como a visita\u00e7\u00e3o de clientes.<\/p>\n<h3>Convoca\u00e7\u00e3o de empregados vacinados e grupos de risco<\/h3>\n<p>A Comiss\u00e3o tamb\u00e9m pediu esclarecimentos sobre den\u00fancias de convoca\u00e7\u00e3o de empregados vacinados contra a Covid-19 e de grupos de risco para o retorno ao trabalho presencial. A Caixa informou que nenhum gestor est\u00e1 autorizado a fazer esta convoca\u00e7\u00e3o e n\u00e3o h\u00e1 qualquer determina\u00e7\u00e3o da empresa nesse sentido. Mais uma vez, a representa\u00e7\u00e3o dos empregados cobrou uma comunica\u00e7\u00e3o expl\u00edcita da Caixa. \u201cCobramos novamente que a dire\u00e7\u00e3o fa\u00e7a a comunica\u00e7\u00e3o de maneira clara, pois orienta\u00e7\u00f5es d\u00fabias ou omissas representam o pior dos caminhos: pavimentam o caminho para uma trag\u00e9dia, que \u00e9 a perda de colegas, e amplia a cadeia de responsabilidades pela perda, que neste caso iria dire\u00e7\u00e3o do banco at\u00e9 a chefia da unidade, e precisamos evitar isso\u201d, destacou Leonardo Quadros, integrante da CEE\/Caixa e presidente da Apcef\/SP.<\/p>\n<p>Outra demanda da defendida pela CEE foi a inclus\u00e3o no protocolo de proibi\u00e7\u00e3o de ingresso nas unidades de pessoas infectadas pela Covid-19, j\u00e1 que a falta de clareza no protocolo d\u00e1 margem para que ocorresse este tipo de situa\u00e7\u00e3o. \u201cA resposta da Caixa na mesa foi de que o ingresso n\u00e3o deve ser permitido, mas isso n\u00e3o est\u00e1 expl\u00edcito, e este \u00e9 um exemplo do que a omiss\u00e3o nas orienta\u00e7\u00f5es feitas pela empresa pode causar. A autoriza\u00e7\u00e3o da entrada, por parte da chefia, de uma unidade de pessoa infectada por Covid-19 \u00e9 um fato extremamente grave, pois este ato compromete a sa\u00fade e seguran\u00e7a de todos que est\u00e3o no ambiente, e mostra que a empresa n\u00e3o pode se furtar a ter uma orienta\u00e7\u00e3o formal no sentido de proibir este acesso. A dire\u00e7\u00e3o n\u00e3o pode achar que se omitindo vai transferir a responsabilidade \u00e0 chefia das unidades. A verdade \u00e9 que, atualmente, os gerentes n\u00e3o se sentem amparados pela dire\u00e7\u00e3o do banco\u201d, disse Edson Heemann, tamb\u00e9m integrante da Comiss\u00e3o.<\/p>\n<h3>Fiscaliza\u00e7\u00e3o dos protocolos<\/h3>\n<p>Rog\u00e9rio Campanate, membro da comiss\u00e3o e presidente da Associa\u00e7\u00e3o de Gestores da Caixa (Agecef) no Rio de Janeiro, questionou como \u00e9 feito o monitoramento da Caixa ao cumprimento dos protocolos nas ag\u00eancias. \u201cPrecisamos do cumprimento rigoroso dos protocolos para que os colegas possam desempenhar suas atividades com seguran\u00e7a\u201d, disse.\u202fSegundo a Caixa, n\u00e3o h\u00e1 ferramenta de monitoramento, e sim um canal de den\u00fancias por meio da ouvidoria. \u201cA empresa acompanha todos os itens considerados estrat\u00e9gicos pela dire\u00e7\u00e3o. A resposta de que n\u00e3o possui ferramentas para monitorar o cumprimento do protocolo \u00e9 sintom\u00e1tica\u201d, concluiu Rog\u00e9rio.<\/p>\n<h3>Atua\u00e7\u00e3o do banco para vacina\u00e7\u00e3o dos banc\u00e1rios<\/h3>\n<p>A comiss\u00e3o pediu \u00e0 dire\u00e7\u00e3o do banco uma atua\u00e7\u00e3o mais efetiva da empresa junto ao Poder P\u00fablico para que os empregados sejam inclu\u00eddos nos grupos priorit\u00e1rios da vacina\u00e7\u00e3o contra a Covid-19. A Caixa elogiou a iniciativa das entidades em busca da vacina\u00e7\u00e3o da categoria, mas se limitou a responder que o apoio da Caixa ocorre no \u00e2mbito da Federa\u00e7\u00e3o Nacional dos Bancos (Fenaban). \u201cEntendemos que deveria existir um envolvimento maior do presidente da Caixa para buscar apoio na vacina\u00e7\u00e3o, a exemplo da atitude do Banco do Brasil, que sinalizou empenho pela inclus\u00e3o da categoria na prioridade da imuniza\u00e7\u00e3o\u201d, ressaltou Jorge Furlan, membro da CEE\/Caixa e diretor do Sindicato dos Banc\u00e1rios do ABC Paulista.<\/p>\n<h3>Testagem dos empregados<\/h3>\n<p>Os integrantes da CEE solicitaram o compartilhamento do resultado das testagens com os representantes dos empregados, com o objetivo de avaliar a necessidade de novas medidas de prote\u00e7\u00e3o. A representa\u00e7\u00e3o do banco se negou, alegando que as informa\u00e7\u00f5es est\u00e3o sujeitas ao sigilo m\u00e9dico.<\/p>\n<h3>Aquisi\u00e7\u00e3o de equipamentos e m\u00e1scaras adequadas<\/h3>\n<p>O fornecimento de m\u00e1scaras adequadas (N95, PFF2, tripla cir\u00fargica) para os empregados foi uma das reivindica\u00e7\u00f5es da CEE. Os integrantes pediram informa\u00e7\u00f5es sobre os valores disponibilizados \u00e0s unidades para aquisi\u00e7\u00e3o destes e de outros equipamentos de prote\u00e7\u00e3o. Em resposta, a Caixa informou que n\u00e3o identificou a necessidade de complementar o valor e que a quantia depende da composi\u00e7\u00e3o das unidades, sem detalhar a evolu\u00e7\u00e3o da verba. Muitos empregados reclamam da insufici\u00eancia do recurso para aquisi\u00e7\u00e3o das m\u00e1scaras. \u201c\u00c9 importante ressaltar que o fornecimento de EPIs (Equipamentos de Prote\u00e7\u00e3o Individual) \u00e9 responsabilidade do empregador e os empregados devem utiliz\u00e1-lo. Caso a unidade n\u00e3o esteja com os equipamentos adequados, o empregado deve entrar em contato com o sindicato local, para que seja exigido o equipamento\u201d, destacou Carlos Augusto Silva (Pipoca), diretor do Sindicato dos Banc\u00e1rios de Campinas e integrante da CEE\/Caixa.<\/p>\n<h3>Vacina\u00e7\u00e3o H1N1<\/h3>\n<p>A comiss\u00e3o solicitou a prorroga\u00e7\u00e3o do prazo para reembolso da vacina\u00e7\u00e3o contra a gripe, que termina no dia 30 de junho. A Caixa informou que vai estudar a amplia\u00e7\u00e3o do prazo. Os representantes tamb\u00e9m cobraram detalhamento do cronograma de vacina\u00e7\u00e3o nas unidades Caixa e nos estabelecimentos dos fornecedores contratados para que as entidades possam refor\u00e7ar a divulga\u00e7\u00e3o para os empregados. Os representantes dos empregados tamb\u00e9m cobraram a inclus\u00e3o dos aposentados na campanha de vacina\u00e7\u00e3o, ou a realiza\u00e7\u00e3o de campanha espec\u00edfica para este p\u00fablico, o que traria benef\u00edcios para a sa\u00fade dos aposentados e contribuiria para reduzir os custos do plano de sa\u00fade. A dire\u00e7\u00e3o do banco disse que iria avaliar a demanda.<\/p>\n<p>Na avalia\u00e7\u00e3o da CEE\/Caixa, algumas sugest\u00f5es e questionamentos n\u00e3o foram esclarecidos ou n\u00e3o foram respondidos pelo banco. A Comiss\u00e3o vai solicitar as respostas, por escrito, de todos os t\u00f3picos abordados na mesa de negocia\u00e7\u00e3o. \u201cA comunica\u00e7\u00e3o da Caixa n\u00e3o chega aos empregados. Em vez de refor\u00e7ar a preven\u00e7\u00e3o, atua em casos espec\u00edficos e deseja punir os colegas que n\u00e3o seguem os protocolos. Nosso debate n\u00e3o \u00e9 esse, mas, sim, proteger os trabalhadores, de maneira geral\u201d, finalizou a coordenadora da CCE.<\/p>\n<p>Para o presidente da Federa\u00e7\u00e3o Nacional das Associa\u00e7\u00f5es do Pessoal da Caixa (Fenae), Sergio Takemoto, o trabalho da Comiss\u00e3o e das entidades \u00e9 garantir o direito dos empregados e conferir o rigoroso cumprimento dos protocolos para a prote\u00e7\u00e3o dos trabalhadores. \u201c\u00c9 importante que todas as d\u00favidas sejam devidamente esclarecidas pela dire\u00e7\u00e3o do banco. Os empregados precisam de uma comunica\u00e7\u00e3o muito clara para que se sintam protegidos para desempenhar suas atividades\u201d, informou Takemoto.<\/p>\n<p><strong>Fonte: Fenae<\/strong><\/p>\n","protected":false},"excerpt":{"rendered":"<p>Em mesa de negocia\u00e7\u00e3o realizada nesta quarta-feira (16), a Comiss\u00e3o Executiva dos Empregados (CEE) da Caixa e o banco discutiram a atualiza\u00e7\u00e3o do protocolo de preven\u00e7\u00e3o Covid-19. \u202fA reuni\u00e3o espec\u00edfica para a constru\u00e7\u00e3o de uma prote\u00e7\u00e3o mais efetiva para os trabalhadores era uma cobran\u00e7a dos representantes dos empregados e das entidades, j\u00e1 que as regras [&hellip;]<\/p>\n","protected":false},"author":2,"featured_media":11096,"comment_status":"","ping_status":"","sticky":false,"template":"","format":"standard","meta":{"footnotes":""},"categories":[3],"tags":[],"class_list":["post-11097","post","type-post","status-publish","format-standard","has-post-thumbnail","hentry","category-noticias"],"_links":{"self":[{"href":"https:\/\/hostnetart.com.br\/baixada\/wp-json\/wp\/v2\/posts\/11097","targetHints":{"allow":["GET"]}}],"collection":[{"href":"https:\/\/hostnetart.com.br\/baixada\/wp-json\/wp\/v2\/posts"}],"about":[{"href":"https:\/\/hostnetart.com.br\/baixada\/wp-json\/wp\/v2\/types\/post"}],"author":[{"embeddable":true,"href":"https:\/\/hostnetart.com.br\/baixada\/wp-json\/wp\/v2\/users\/2"}],"replies":[{"embeddable":true,"href":"https:\/\/hostnetart.com.br\/baixada\/wp-json\/wp\/v2\/comments?post=11097"}],"version-history":[{"count":0,"href":"https:\/\/hostnetart.com.br\/baixada\/wp-json\/wp\/v2\/posts\/11097\/revisions"}],"wp:featuredmedia":[{"embeddable":true,"href":"https:\/\/hostnetart.com.br\/baixada\/wp-json\/wp\/v2\/media\/11096"}],"wp:attachment":[{"href":"https:\/\/hostnetart.com.br\/baixada\/wp-json\/wp\/v2\/media?parent=11097"}],"wp:term":[{"taxonomy":"category","embeddable":true,"href":"https:\/\/hostnetart.com.br\/baixada\/wp-json\/wp\/v2\/categories?post=11097"},{"taxonomy":"post_tag","embeddable":true,"href":"https:\/\/hostnetart.com.br\/baixada\/wp-json\/wp\/v2\/tags?post=11097"}],"curies":[{"name":"wp","href":"https:\/\/api.w.org\/{rel}","templated":true}]}}