{"id":11093,"date":"2021-06-16T14:16:36","date_gmt":"2021-06-16T17:16:36","guid":{"rendered":"https:\/\/hostnetart.com.br\/baixada\/renda-cai-bem-estar-cai-desigualdade-cresce-tristeza-aumenta\/"},"modified":"2021-06-16T14:16:36","modified_gmt":"2021-06-16T17:16:36","slug":"renda-cai-bem-estar-cai-desigualdade-cresce-tristeza-aumenta","status":"publish","type":"post","link":"https:\/\/hostnetart.com.br\/baixada\/renda-cai-bem-estar-cai-desigualdade-cresce-tristeza-aumenta\/","title":{"rendered":"Renda cai, bem-estar cai, desigualdade cresce, tristeza aumenta"},"content":{"rendered":"<p>\u201cFelicidade foi embora\u201d, verso de uma can\u00e7\u00e3o popular, \u00e9 uma frase inclu\u00edda em pesquisa divulgado pela Funda\u00e7\u00e3o Getulio Vargas intitulada\u00a0<em><a href=\"https:\/\/www.cps.fgv.br\/cps\/bd\/docs\/Bem_Estar_Trabalhista-Felicidade_e_Pandemia_Marcelo-Neri_FGV-Social_TEXTO.pdf\">Bem-Estar Trabalhista, Felicidade e Pandemia<\/a><\/em>. Os dados mostram que o Brasil est\u00e1 longe do bem-estar e da felicidade, com \u201cum grande salto de desigualdade\u201d e queda do rendimento, pela primeira vez abaixo de R$ 1.000. O estudo da FGV mostra ainda crescimento da raiva entre os sentimentos da popula\u00e7\u00e3o. De 2019 para 2020, por exemplo, a \u201csensa\u00e7\u00e3o de raiva\u201d cresceu de 19% para 24% das pessoas. Foi um crescimento de cinco pontos percentuais, enquanto no mundo essa alta foi de 0,8 ponto, para 20%.<\/p>\n<h3>Mais estresse, menos divertimento<\/h3>\n<p>De acordo com a pesquisa, tamb\u00e9m aumentam os n\u00edveis de preocupa\u00e7\u00e3o em rela\u00e7\u00e3o aos demais pa\u00edses (diferen\u00e7a 3,6 pontos, para 62%), estresse (2,9, para 47%) e tristeza (2,2, para 31%). E cai o de divertimento (menos 6,8 pontos, para 66%). \u201cEm suma, todos indicadores subjetivos cotidianos de bem estar considerados pioraram mais no Brasil na pandemia que a m\u00e9dia dos 40 demais pa\u00edses\u201d, diz ainda a funda\u00e7\u00e3o. Na quest\u00e3o da desigualdade, houve acr\u00e9scimo de tr\u00eas cent\u00e9simos ao que a FGV chama de \u00edndice de Gini trabalhista, que foi a 0,674 no primeiro trimestre. Recorde na s\u00e9rie hist\u00f3rica. Quanto mais perto de 1, maior a desigualdade.<\/p>\n<h3>Renda no menor n\u00edvel<\/h3>\n<p>Se no primeiro trimestre do ano passado a renda m\u00e9dia alcan\u00e7ou um topo de R$ 1.122, em menos de um ano registrou queda de 11,3%. Chegou a R$ 995, n\u00edvel mais baixo da s\u00e9rie hist\u00f3rica. A queda para a da metade mais pobre foi quase duas vezes maior. Tamb\u00e9m no in\u00edcio de 2020, o chamado \u201cbem-estar trabalhista\u201d mantinha-se em \u201cempate t\u00e9cnico\u201d com o in\u00edcio da s\u00e9rie hist\u00f3rica, em 2012. Assim, segundo o estudo da FGV, \u201cn\u00e3o houve progresso social l\u00edquido nesta d\u00e9cada\u201d. Mas agora o bem-estar caiu para 19,4%, igualmente no menor n\u00edvel hist\u00f3rico.<\/p>\n<p><strong>Fonte: Rede Brasil Atual<\/strong><\/p>\n","protected":false},"excerpt":{"rendered":"<p>\u201cFelicidade foi embora\u201d, verso de uma can\u00e7\u00e3o popular, \u00e9 uma frase inclu\u00edda em pesquisa divulgado pela Funda\u00e7\u00e3o Getulio Vargas intitulada\u00a0Bem-Estar Trabalhista, Felicidade e Pandemia. Os dados mostram que o Brasil est\u00e1 longe do bem-estar e da felicidade, com \u201cum grande salto de desigualdade\u201d e queda do rendimento, pela primeira vez abaixo de R$ 1.000. O [&hellip;]<\/p>\n","protected":false},"author":2,"featured_media":11092,"comment_status":"","ping_status":"","sticky":false,"template":"","format":"standard","meta":{"footnotes":""},"categories":[3],"tags":[],"class_list":["post-11093","post","type-post","status-publish","format-standard","has-post-thumbnail","hentry","category-noticias"],"_links":{"self":[{"href":"https:\/\/hostnetart.com.br\/baixada\/wp-json\/wp\/v2\/posts\/11093","targetHints":{"allow":["GET"]}}],"collection":[{"href":"https:\/\/hostnetart.com.br\/baixada\/wp-json\/wp\/v2\/posts"}],"about":[{"href":"https:\/\/hostnetart.com.br\/baixada\/wp-json\/wp\/v2\/types\/post"}],"author":[{"embeddable":true,"href":"https:\/\/hostnetart.com.br\/baixada\/wp-json\/wp\/v2\/users\/2"}],"replies":[{"embeddable":true,"href":"https:\/\/hostnetart.com.br\/baixada\/wp-json\/wp\/v2\/comments?post=11093"}],"version-history":[{"count":0,"href":"https:\/\/hostnetart.com.br\/baixada\/wp-json\/wp\/v2\/posts\/11093\/revisions"}],"wp:featuredmedia":[{"embeddable":true,"href":"https:\/\/hostnetart.com.br\/baixada\/wp-json\/wp\/v2\/media\/11092"}],"wp:attachment":[{"href":"https:\/\/hostnetart.com.br\/baixada\/wp-json\/wp\/v2\/media?parent=11093"}],"wp:term":[{"taxonomy":"category","embeddable":true,"href":"https:\/\/hostnetart.com.br\/baixada\/wp-json\/wp\/v2\/categories?post=11093"},{"taxonomy":"post_tag","embeddable":true,"href":"https:\/\/hostnetart.com.br\/baixada\/wp-json\/wp\/v2\/tags?post=11093"}],"curies":[{"name":"wp","href":"https:\/\/api.w.org\/{rel}","templated":true}]}}