{"id":11083,"date":"2021-06-14T12:38:53","date_gmt":"2021-06-14T15:38:53","guid":{"rendered":"https:\/\/hostnetart.com.br\/baixada\/comando-nacional-dos-bancarios-vai-realizar-nova-pesquisa-de-teletrabalho\/"},"modified":"2021-06-14T12:38:53","modified_gmt":"2021-06-14T15:38:53","slug":"comando-nacional-dos-bancarios-vai-realizar-nova-pesquisa-de-teletrabalho","status":"publish","type":"post","link":"https:\/\/hostnetart.com.br\/baixada\/comando-nacional-dos-bancarios-vai-realizar-nova-pesquisa-de-teletrabalho\/","title":{"rendered":"Comando Nacional dos Banc\u00e1rios vai realizar nova pesquisa de teletrabalho"},"content":{"rendered":"<p>O Comando Nacional dos Banc\u00e1rios realizar\u00e1 entre 18 de junho e 2 de agosto a segunda pesquisa sobre home office da categoria. As respostas ser\u00e3o compiladas e analisadas pelo Departamento Intersindical de Estat\u00edstica e Estudos Socioecon\u00f4micos (Dieese) e os resultados ser\u00e3o apresentados durante a 23\u00aa Confer\u00eancia Nacional dos Banc\u00e1rios, que ser\u00e1 realizada nos dias 3 e 4 de setembro.<\/p>\n<p>\u201cEm julho do ano passado, quando foi realizada a primeira pesquisa, fazia pouco tempo que quase a metade da categoria tinha ido para o home office. Os dados foram fundamentais para entender quais quest\u00f5es deveriam ser levadas para a\u00a0<a href=\"https:\/\/contrafcut.com.br\/noticias\/bancaris-nao-querem-que-teletrabalho-prejudique-a-categoria\" target=\"_blank\" rel=\"noopener noreferrer\">mesa de negocia\u00e7\u00e3o<\/a>\u00a0e melhorar as condi\u00e7\u00f5es de trabalho dos banc\u00e1rios em home office\u201d, explicou a presidenta da Confedera\u00e7\u00e3o Nacional dos Trabalhadores do Ramo Financeiro (Contraf-CUT), que tamb\u00e9m \u00e9 coordenadora do Comando Nacional dos Banc\u00e1rios. \u201cTemos que verificar os efeitos deste per\u00edodo mais longo de trabalho em casa sobre a categoria\u201d, completou.<\/p>\n<p>\u201cNesta segunda pesquisa vamos avaliar a evolu\u00e7\u00e3o da situa\u00e7\u00e3o desses trabalhadores, verificar se houve aumento dos problemas de sa\u00fade ap\u00f3s tanto tempo de trabalho em casa, e analisar novos temas, que foram inclu\u00eddos na pesquisa\u201d, afirmou a presidenta da Contraf-CUT. \u201cCom os resultados em m\u00e3os ser\u00e1 poss\u00edvel compar\u00e1-los para seguirmos subsidiando a a\u00e7\u00e3o sindical voltada a este novo segmento que se abriu com a pandemia\u201d, completou.<\/p>\n<h3>Para responder<\/h3>\n<p>Para garantir a apura\u00e7\u00e3o de acordo com a composi\u00e7\u00e3o estat\u00edstica da categoria em cada base sindical, o link da pesquisa n\u00e3o ser\u00e1 divulgado ao p\u00fablico em geral. Ser\u00e1 enviado pelos sindicatos apenas aos banc\u00e1rios que est\u00e3o em trabalho home office, ou que j\u00e1 trabalharam neste formato. Caso algum banc\u00e1rio fa\u00e7a parte deste p\u00fablico e n\u00e3o receba o link, deve entrar em contato com seu sindicato para solicitar o envio pelo meio que preferir (Whatsapp, Telegram, SMS, e-mail e\/ou outros).<\/p>\n<p>A Contraf-CUT enviar\u00e1 \u00e0s entidades sindicais as orienta\u00e7\u00f5es sobre a realiza\u00e7\u00e3o da pesquisa at\u00e9 quinta-feira (17) para que os sindicatos comecem a contatar a categoria a partir de sexta-feira (18) para a aplica\u00e7\u00e3o do question\u00e1rio.<\/p>\n<p><strong>Fonte: Contraf-CUT<\/strong><\/p>\n","protected":false},"excerpt":{"rendered":"<p>O Comando Nacional dos Banc\u00e1rios realizar\u00e1 entre 18 de junho e 2 de agosto a segunda pesquisa sobre home office da categoria. As respostas ser\u00e3o compiladas e analisadas pelo Departamento Intersindical de Estat\u00edstica e Estudos Socioecon\u00f4micos (Dieese) e os resultados ser\u00e3o apresentados durante a 23\u00aa Confer\u00eancia Nacional dos Banc\u00e1rios, que ser\u00e1 realizada nos dias 3 [&hellip;]<\/p>\n","protected":false},"author":2,"featured_media":11082,"comment_status":"","ping_status":"","sticky":false,"template":"","format":"standard","meta":{"footnotes":""},"categories":[3],"tags":[],"class_list":["post-11083","post","type-post","status-publish","format-standard","has-post-thumbnail","hentry","category-noticias"],"_links":{"self":[{"href":"https:\/\/hostnetart.com.br\/baixada\/wp-json\/wp\/v2\/posts\/11083","targetHints":{"allow":["GET"]}}],"collection":[{"href":"https:\/\/hostnetart.com.br\/baixada\/wp-json\/wp\/v2\/posts"}],"about":[{"href":"https:\/\/hostnetart.com.br\/baixada\/wp-json\/wp\/v2\/types\/post"}],"author":[{"embeddable":true,"href":"https:\/\/hostnetart.com.br\/baixada\/wp-json\/wp\/v2\/users\/2"}],"replies":[{"embeddable":true,"href":"https:\/\/hostnetart.com.br\/baixada\/wp-json\/wp\/v2\/comments?post=11083"}],"version-history":[{"count":0,"href":"https:\/\/hostnetart.com.br\/baixada\/wp-json\/wp\/v2\/posts\/11083\/revisions"}],"wp:featuredmedia":[{"embeddable":true,"href":"https:\/\/hostnetart.com.br\/baixada\/wp-json\/wp\/v2\/media\/11082"}],"wp:attachment":[{"href":"https:\/\/hostnetart.com.br\/baixada\/wp-json\/wp\/v2\/media?parent=11083"}],"wp:term":[{"taxonomy":"category","embeddable":true,"href":"https:\/\/hostnetart.com.br\/baixada\/wp-json\/wp\/v2\/categories?post=11083"},{"taxonomy":"post_tag","embeddable":true,"href":"https:\/\/hostnetart.com.br\/baixada\/wp-json\/wp\/v2\/tags?post=11083"}],"curies":[{"name":"wp","href":"https:\/\/api.w.org\/{rel}","templated":true}]}}