{"id":11081,"date":"2021-06-14T12:31:38","date_gmt":"2021-06-14T15:31:38","guid":{"rendered":"https:\/\/hostnetart.com.br\/baixada\/50-bancarios-morreram-por-mes-entre-janeiro-e-marco\/"},"modified":"2021-06-14T12:31:38","modified_gmt":"2021-06-14T15:31:38","slug":"50-bancarios-morreram-por-mes-entre-janeiro-e-marco","status":"publish","type":"post","link":"https:\/\/hostnetart.com.br\/baixada\/50-bancarios-morreram-por-mes-entre-janeiro-e-marco\/","title":{"rendered":"50 banc\u00e1rios morreram por m\u00eas entre janeiro e mar\u00e7o"},"content":{"rendered":"<p>O n\u00famero de banc\u00e1rios desligados de seus empregos por morte chegou a 152 entre os meses de janeiro e mar\u00e7o deste ano. Foram 50 \u00f3bitos por m\u00eas, em m\u00e9dia, e um aumento de 176% na compara\u00e7\u00e3o com o primeiro trimestre do ano passado. Para as entidades sindicais que representam os banc\u00e1rios, os n\u00fameros demonstram o efeito da pandemia de Covid-19 sobre os trabalhadores do setor e d\u00e3o a dimens\u00e3o da urg\u00eancia da inclus\u00e3o da categoria entre os grupos priorit\u00e1rios para a vacina\u00e7\u00e3o.<\/p>\n<p>O assunto foi discutido nesta sexta-feira (11) com o ministro da Sa\u00fade, Marcelo Queiroga, em uma reuni\u00e3o fechada na sede da Febraban (Federa\u00e7\u00e3o Brasileira de Bancos), em S\u00e3o Paulo (SP).<\/p>\n<p>Entre os representantes do setor financeiro estavam Ilan Goldfajn, ex-presidente do Banco Central e atual presidente do conselho de administra\u00e7\u00e3o do Credite Suisse, Octavio de Lazari, presidente do Bradesco, Roberto Sallouti, presidente do BTG, Jos\u00e9 Berrenguer, presidente do banco XP, entre outros.<\/p>\n<p>O presidente do Banco Central, Roberto Campos Neto, acompanhou Queiroga ao encontro. Devido \u00e0 reuni\u00e3o do Copom (Comit\u00ea de Pol\u00edtica Monet\u00e1ria) marcada para os dias 15 e 16 de junho, o titular do BC j\u00e1 estava no chamado per\u00edodo de sil\u00eancio e n\u00e3o fez proje\u00e7\u00f5es econ\u00f4micas. Em uma breve fala defendeu a import\u00e2ncia da vacina\u00e7\u00e3o para a retomada, mas tamb\u00e9m destacou o papel do cr\u00e9dito para a recupera\u00e7\u00e3o da economia no p\u00f3s-Covid.<\/p>\n<p>A deputada federal Carla Zambelli (PSL-SP), representante da base do governo no Congresso, tamb\u00e9m participou do caf\u00e9 da manh\u00e3 como integrante da comitiva de Queiroga. Ela defendeu a necessidade de se recuperar o otimismo.<\/p>\n<p>Do ministro Queiroga, banc\u00e1rios e banqueiros ouviram apenas que a decis\u00e3o de antecipar a vacina\u00e7\u00e3o das categorias n\u00e3o cabe a ele, mas \u00e0 equipe t\u00e9cnica do PNI (Programa Nacional de Imuniza\u00e7\u00f5es). O n\u00famero 1 da Sa\u00fade disse aos presentes que o pedido ser\u00e1 encaminhado aos t\u00e9cnicos do minist\u00e9rio.<\/p>\n<p>&#8220;Todas as recomenda\u00e7\u00f5es para ampliar o acesso \u00e0 vacina s\u00e3o justas. Elas t\u00eam que ser analisadas do ponto de vista t\u00e9cnico. Pedi isso \u00e0s lideran\u00e7as sindicais e da Febraban e vamos submeter \u00e0 c\u00e2mara t\u00e9cnica do programa nacional para que esse grupo possa ser inclu\u00eddo. N\u00e3o \u00e9 um ato discricion\u00e1rio do ministro&#8221;, afirmou.<\/p>\n<p>Um dia depois de o presidente Jair Bolsonaro (sem partido) ter dito que Queiroga preparava um parecer para dispensar pessoas vacinadas ou que j\u00e1 tenham sido contaminadas de usar m\u00e1scaras, o ministro da Sa\u00fade defendeu o equipamento de prote\u00e7\u00e3o para representantes do setor financeiro -e defendeu tamb\u00e9m o presidente da Rep\u00fablica.<\/p>\n<p>&#8220;\u00c9 uma das recomenda\u00e7\u00f5es para o controle do v\u00edrus, n\u00e9? Na verdade, n\u00f3s precisamos convencer a popula\u00e7\u00e3o brasileira acerca da import\u00e2ncia das medidas n\u00e3o farmacol\u00f3gicas&#8221;, disse durante o encontro, segundo relatos.<\/p>\n<p>&#8220;N\u00e3o s\u00f3 m\u00e1scara, como tamb\u00e9m distanciamento, higieniza\u00e7\u00e3o das m\u00e3os, fazer um amplo programa de testagens para que possamos identificar os casos contaminados e seus contatos e essas pessoas ficarem isoladas. Permitir que haja a compatibilidade entre a assist\u00eancia \u00e0 sa\u00fade e a economia.&#8221;<\/p>\n<p>Segundo Queiroga, Bolsonaro solicitou um estudo sobre o assunto pois tem acompanhado o que vem acontecendo em outros pa\u00edses, onde, com a imuniza\u00e7\u00e3o mais avan\u00e7ada, o uso de m\u00e1scara come\u00e7a a ser flexibilizado.<\/p>\n<p>&#8220;\u00c9 preciso fazer uma revis\u00e3o sistem\u00e1tica da literatura, para verificar o que h\u00e1 com rela\u00e7\u00e3o a esse ponto. \u00c9 preciso que acompanhemos atrav\u00e9s do nosso programa de testagens. \u00c9 nesse sentido que o presidente se manifesta. Ele \u00e9 um \u00f3timo comunicador e tem essa capacidade de suscitar assuntos de interesse&#8221;, afirmou. O ministro disse ainda que Bolsonaro com frequ\u00eancia demanda a pasta &#8220;acerca do est\u00edmulo \u00e0s pesquisas.&#8221;<\/p>\n<p>&#8220;\u00c0s vezes, aquilo que parece uma nega\u00e7\u00e3o, na realidade \u00e9 uma homenagem \u00e0 ci\u00eancia&#8221;, disse.<\/p>\n<p>O ministro da Sa\u00fade tamb\u00e9m apresentou um breve balan\u00e7o do andamento da vacina\u00e7\u00e3o. Falou ainda do plano de testagem em massa, por meio do qual o governo federal espera reduzir o tempo de diagn\u00f3stico e o per\u00edodo de transmiss\u00e3o do v\u00edrus por pessoas contaminadas.<\/p>\n<p>O programa deve incluir, segundo disse o ministro na reuni\u00e3o, busca ativa em empresas e locais de grande circula\u00e7\u00e3o, como escolas e aeroportos, para identificar casos assintom\u00e1ticos, testagem de casos suspeitos ou sintom\u00e1ticos e coleta de amostras para monitorar a transmiss\u00e3o.<\/p>\n<p>O plano de operacionaliza\u00e7\u00e3o da vacina\u00e7\u00e3o contra a Covid-19 prev\u00ea 29 grupos priorit\u00e1rios para a imuniza\u00e7\u00e3o, que somam 77,279 milh\u00f5es de pessoas. Por enquadramento profissional, est\u00e3o nesta lista trabalhadores da educa\u00e7\u00e3o, do transporte coletivo, caminheiros, portu\u00e1rios e industriais, al\u00e9m de metrovi\u00e1rios e ferrovi\u00e1rios.<\/p>\n<p>A Contraf-CUT (Confedera\u00e7\u00e3o Nacional dos Trabalhadores do Ramo Financeiro) j\u00e1 vinha tentando uma reuni\u00e3o com o ministro da Sa\u00fade para pleitear o reconhecimento de prioridade, mas as tratativas n\u00e3o andaram. O pedido j\u00e1 tinha sido feito na gest\u00e3o anterior, de Eduardo Pazuello.<\/p>\n<p>O encontro desta sexta foi organizado pela federa\u00e7\u00e3o dos bancos. Os representantes sindicais conseguiram falar com o ministro da Sa\u00fade antes da reuni\u00e3o com os banqueiros.<\/p>\n<p>&#8220;Nunca deixamos de cobrar a vacina\u00e7\u00e3o para todos, mas queremos que o minist\u00e9rio olhe os crit\u00e9rios t\u00e9cnicos, de que os banc\u00e1rios est\u00e3o morrendo, apesar de muitos estarem no trabalho remoto&#8221;, diz Juvandia Moreira, presidente da Contraf-CUT.<\/p>\n<p>O of\u00edcio entregue ao ministro traz um parecer m\u00e9dico apontando as ag\u00eancias banc\u00e1rias como potenciais vetores de contamina\u00e7\u00e3o, devido \u00e0 baixa renova\u00e7\u00e3o do ar. &#8220;N\u00e3o tem ventila\u00e7\u00e3o, mas tamb\u00e9m n\u00e3o temos como cobrar portas abertas, pois isso reduz a seguran\u00e7a e exp\u00f5e vigilantes e funcion\u00e1rios&#8221;, afirma a representante da Contraf-CUT.<\/p>\n<p>A antecipa\u00e7\u00e3o da vacina\u00e7\u00e3o agrada \u00e0s institui\u00e7\u00f5es financeiras.<\/p>\n<p>Isaac Sidney, presidente da Febraban, disse ao ministro que os banc\u00e1rios est\u00e3o na linha de frente do atendimento \u00e0s popula\u00e7\u00f5es mais vulner\u00e1veis, como no pagamento de benef\u00edcios assistenciais.<\/p>\n<p>Segundo ele, as ag\u00eancias banc\u00e1rias t\u00eam atendido de 11 a 12 milh\u00f5es de pessoas por m\u00eas durante a pandemia. Antes da crise sanit\u00e1ria, os atendimentos chegavam a 35 milh\u00f5es.<\/p>\n<p>Em nota, a Febraban diz entender como oportuno o ingresso dos banc\u00e1rios na rela\u00e7\u00e3o de trabalhadores a serem vacinados. &#8220;Eles est\u00e3o, desde o in\u00edcio da pandemia, na linha de frente do atendimento ao cidad\u00e3o, particularmente dos mais vulner\u00e1veis que n\u00e3o t\u00eam acesso aos servi\u00e7os remotos&#8221;, afirma.<\/p>\n<p>Os n\u00fameros de desligamentos por mortes, computados pelo Dieese (Departamento Intersindical de Estat\u00edstica e Estudos Socioecon\u00f4micos) a partir de dados do novo Caged, n\u00e3o detalham a causa dos \u00f3bitos. Para os dirigentes sindicais, \u00e9 poss\u00edvel deduzir que o avan\u00e7o nas mortes tenha rela\u00e7\u00e3o com a crise sanit\u00e1ria.<\/p>\n<p>&#8220;Pudemos mostrar ao ministro que a categoria banc\u00e1ria se notabiliza pela grande exposi\u00e7\u00e3o aos riscos de cont\u00e1gio nas ag\u00eancias e que j\u00e1 foram registrados in\u00fameros casos de adoecimento, de afastamento do trabalho, interna\u00e7\u00f5es hospitalares e de \u00f3bitos na categoria&#8221;, diz Ivone Silva, do sindicato paulista, em nota.<\/p>\n<p>No of\u00edcio entregue ao ministro da Sa\u00fade, os banc\u00e1rios dizem que h\u00e1, no dia a dia do trabalho, muita concentra\u00e7\u00e3o de clientes em ambientes internos.<\/p>\n<p>Muito do fluxo de clientes, dizem os sindicatos, vem de aposentados e pensionistas que buscam apoio no atendimento presencial e de clientes interessados em renegocia\u00e7\u00e3o de d\u00edvidas ou fazer inscri\u00e7\u00e3o para programas de cr\u00e9dito.<\/p>\n<p>&#8220;A caracter\u00edstica f\u00edsica do ambiente de trabalho propicia a maior concentra\u00e7\u00e3o do v\u00edrus e o evidente cont\u00e1gio e, devido aos necess\u00e1rios cuidados com a seguran\u00e7a, as ag\u00eancias banc\u00e1rias s\u00e3o fechadas e n\u00e3o oferecem ventila\u00e7\u00e3o e nem circula\u00e7\u00e3o natural de ar&#8221;, diz o of\u00edcio.<\/p>\n<p><strong>Fonte: Folha de S\u00e3o Paulo<\/strong><\/p>\n","protected":false},"excerpt":{"rendered":"<p>O n\u00famero de banc\u00e1rios desligados de seus empregos por morte chegou a 152 entre os meses de janeiro e mar\u00e7o deste ano. Foram 50 \u00f3bitos por m\u00eas, em m\u00e9dia, e um aumento de 176% na compara\u00e7\u00e3o com o primeiro trimestre do ano passado. Para as entidades sindicais que representam os banc\u00e1rios, os n\u00fameros demonstram o [&hellip;]<\/p>\n","protected":false},"author":2,"featured_media":11080,"comment_status":"","ping_status":"","sticky":false,"template":"","format":"standard","meta":{"footnotes":""},"categories":[3],"tags":[],"class_list":["post-11081","post","type-post","status-publish","format-standard","has-post-thumbnail","hentry","category-noticias"],"_links":{"self":[{"href":"https:\/\/hostnetart.com.br\/baixada\/wp-json\/wp\/v2\/posts\/11081","targetHints":{"allow":["GET"]}}],"collection":[{"href":"https:\/\/hostnetart.com.br\/baixada\/wp-json\/wp\/v2\/posts"}],"about":[{"href":"https:\/\/hostnetart.com.br\/baixada\/wp-json\/wp\/v2\/types\/post"}],"author":[{"embeddable":true,"href":"https:\/\/hostnetart.com.br\/baixada\/wp-json\/wp\/v2\/users\/2"}],"replies":[{"embeddable":true,"href":"https:\/\/hostnetart.com.br\/baixada\/wp-json\/wp\/v2\/comments?post=11081"}],"version-history":[{"count":0,"href":"https:\/\/hostnetart.com.br\/baixada\/wp-json\/wp\/v2\/posts\/11081\/revisions"}],"wp:featuredmedia":[{"embeddable":true,"href":"https:\/\/hostnetart.com.br\/baixada\/wp-json\/wp\/v2\/media\/11080"}],"wp:attachment":[{"href":"https:\/\/hostnetart.com.br\/baixada\/wp-json\/wp\/v2\/media?parent=11081"}],"wp:term":[{"taxonomy":"category","embeddable":true,"href":"https:\/\/hostnetart.com.br\/baixada\/wp-json\/wp\/v2\/categories?post=11081"},{"taxonomy":"post_tag","embeddable":true,"href":"https:\/\/hostnetart.com.br\/baixada\/wp-json\/wp\/v2\/tags?post=11081"}],"curies":[{"name":"wp","href":"https:\/\/api.w.org\/{rel}","templated":true}]}}