{"id":1108,"date":"2014-05-02T00:00:00","date_gmt":"2014-05-02T03:00:00","guid":{"rendered":"https:\/\/hostnetart.com.br\/baixada\/encontro-estadual-dos-as-funcionarios-as-da-caixa-economica-federal\/"},"modified":"2014-05-02T00:00:00","modified_gmt":"2014-05-02T03:00:00","slug":"encontro-estadual-dos-as-funcionarios-as-da-caixa-economica-federal","status":"publish","type":"post","link":"https:\/\/hostnetart.com.br\/baixada\/encontro-estadual-dos-as-funcionarios-as-da-caixa-economica-federal\/","title":{"rendered":"Encontro Estadual dos\/as Funcion\u00e1rios\/as da Caixa Econ\u00f4mica Federal"},"content":{"rendered":"<p>17 de Maio de 2014 \u2013 Audit\u00f3rio do Sindicato dos Banc\u00e1rios do RJ\u00a0Vimos, pelo presente, comunicar-lhes que a FETRAF RJ\/ES realizar\u00e1 o Encontro Estadual dos\/as Funcion\u00e1rios\/as do RJ da Caixa Economica Federal no audit\u00f3rio do SEEB do Rio de Janeiro no dia 10 de maio de 2014, s\u00e1bado, das 9h \u00e0s 13:30h. Ressaltamos que o Encontro \u00e9 aberto a todos\/as os\/as empregados\/as da Caixa Economica Federal, ativos\/as ou aposentados\/as. Nesse encontro tamb\u00e9m ser\u00e3o eleitos os delegados que participaram do encontro Nacional da CEF. Credenciamento at\u00e9 12h.<\/p>\n","protected":false},"excerpt":{"rendered":"<p>17 de Maio de 2014 \u2013 Audit\u00f3rio do Sindicato dos Banc\u00e1rios do RJ\u00a0Vimos, pelo presente, comunicar-lhes que a FETRAF RJ\/ES realizar\u00e1 o Encontro Estadual dos\/as Funcion\u00e1rios\/as do RJ da Caixa Economica Federal no audit\u00f3rio do SEEB do Rio de Janeiro no dia 10 de maio de 2014, s\u00e1bado, das 9h \u00e0s 13:30h. Ressaltamos que o [&hellip;]<\/p>\n","protected":false},"author":1,"featured_media":1107,"comment_status":"","ping_status":"","sticky":false,"template":"","format":"standard","meta":{"footnotes":""},"categories":[3],"tags":[],"class_list":["post-1108","post","type-post","status-publish","format-standard","has-post-thumbnail","hentry","category-noticias"],"_links":{"self":[{"href":"https:\/\/hostnetart.com.br\/baixada\/wp-json\/wp\/v2\/posts\/1108","targetHints":{"allow":["GET"]}}],"collection":[{"href":"https:\/\/hostnetart.com.br\/baixada\/wp-json\/wp\/v2\/posts"}],"about":[{"href":"https:\/\/hostnetart.com.br\/baixada\/wp-json\/wp\/v2\/types\/post"}],"author":[{"embeddable":true,"href":"https:\/\/hostnetart.com.br\/baixada\/wp-json\/wp\/v2\/users\/1"}],"replies":[{"embeddable":true,"href":"https:\/\/hostnetart.com.br\/baixada\/wp-json\/wp\/v2\/comments?post=1108"}],"version-history":[{"count":0,"href":"https:\/\/hostnetart.com.br\/baixada\/wp-json\/wp\/v2\/posts\/1108\/revisions"}],"wp:featuredmedia":[{"embeddable":true,"href":"https:\/\/hostnetart.com.br\/baixada\/wp-json\/wp\/v2\/media\/1107"}],"wp:attachment":[{"href":"https:\/\/hostnetart.com.br\/baixada\/wp-json\/wp\/v2\/media?parent=1108"}],"wp:term":[{"taxonomy":"category","embeddable":true,"href":"https:\/\/hostnetart.com.br\/baixada\/wp-json\/wp\/v2\/categories?post=1108"},{"taxonomy":"post_tag","embeddable":true,"href":"https:\/\/hostnetart.com.br\/baixada\/wp-json\/wp\/v2\/tags?post=1108"}],"curies":[{"name":"wp","href":"https:\/\/api.w.org\/{rel}","templated":true}]}}