{"id":11079,"date":"2021-06-11T23:36:06","date_gmt":"2021-06-12T02:36:06","guid":{"rendered":"https:\/\/hostnetart.com.br\/baixada\/comissao-de-empregados-cobra-da-caixa-cumprimento-da-comissao-de-conciliacao-voluntaria-ccv\/"},"modified":"2021-06-11T23:36:06","modified_gmt":"2021-06-12T02:36:06","slug":"comissao-de-empregados-cobra-da-caixa-cumprimento-da-comissao-de-conciliacao-voluntaria-ccv","status":"publish","type":"post","link":"https:\/\/hostnetart.com.br\/baixada\/comissao-de-empregados-cobra-da-caixa-cumprimento-da-comissao-de-conciliacao-voluntaria-ccv\/","title":{"rendered":"Comiss\u00e3o de Empregados cobra da Caixa cumprimento da Comiss\u00e3o de Concilia\u00e7\u00e3o Volunt\u00e1ria (CCV)"},"content":{"rendered":"<p>A Confedera\u00e7\u00e3o Nacional dos Trabalhadores do Ramo Financeiro (Contraf\/CUT), por meio da Comiss\u00e3o Executiva dos Empregados (CEE) da Caixa Econ\u00f4mica Federal, cobrou esclarecimentos da dire\u00e7\u00e3o do banco sobre o descumprimento do Acordo Coletivo de Trabalho da Comiss\u00e3o de Concilia\u00e7\u00e3o Volunt\u00e1ria (CCV).<\/p>\n<p>Segundo a coordenadora da CEE\/Caixa, Fabiana Uehara Proscholdt, as entidades t\u00eam denunciado que a Caixa n\u00e3o cumpre o prazo para realiza\u00e7\u00e3o da primeira sess\u00e3o da CCV, conforme prev\u00ea o ACT.<\/p>\n<p>\u201cA Caixa tem at\u00e9 30 dias para responder aos pedidos de concilia\u00e7\u00e3o enviados pelos sindicatos, mas n\u00e3o tem cumprido o prazo. E quando faz a concilia\u00e7\u00e3o, tamb\u00e9m n\u00e3o faz o pagamento na data acordada. Al\u00e9m disso, n\u00e3o respeita a ordem de recebimento das demandas dos sindicatos, n\u00e3o responde e-mails e nem atende as liga\u00e7\u00f5es. Est\u00e1 muito ruim todo esse processo\u201d, disse Fabiana. Ela conta que existem requerimentos sem resposta desde o ano passado e muitos banc\u00e1rios cobram dos sindicatos.<\/p>\n<p>Este n\u00e3o \u00e9 o primeiro pedido de esclarecimentos e provid\u00eancias feito pela comiss\u00e3o. \u201cEntendemos que, devido ao atraso da assinatura do acordo, ac\u00famulo de pedidos e mesmo reestrutura\u00e7\u00e3o das \u00e1reas envolvidas, pudesse ter uma demora no atendimento das concilia\u00e7\u00f5es. Mas, j\u00e1 deu tempo mais que suficiente para o ajuste ser feito e n\u00e3o se justifica n\u00e3o dar nem uma posi\u00e7\u00e3o sobre as pend\u00eancias. Queremos que o negociado seja cumprido!\u201d, disse a coordenadora da CEE.<\/p>\n<p>O acordo da CCV foi renovado em fevereiro deste ano e tem validade at\u00e9 dezembro de 2022. O presidente da Federa\u00e7\u00e3o Nacional das Associa\u00e7\u00f5es do Pessoal da Caixa Econ\u00f4mica Federal (Fenae), Sergio Takemoto, ressaltou a import\u00e2ncia da comiss\u00e3o.<\/p>\n<p>\u201cA CCV permite que as demandas dos empregados sejam definidas sem a necessidade de uma a\u00e7\u00e3o judicial. Al\u00e9m disso, o empregado pode ter o acompanhamento direto das entidades sindicais para auxili\u00e1-lo a tomar a melhor decis\u00e3o. \u00c9 um direito acordado, portanto, deve ser rigorosamente cumprido\u201d, destacou o presidente da Fenae.<\/p>\n<p><strong>Fonte: Contraf-CUT<\/strong><\/p>\n","protected":false},"excerpt":{"rendered":"<p>A Confedera\u00e7\u00e3o Nacional dos Trabalhadores do Ramo Financeiro (Contraf\/CUT), por meio da Comiss\u00e3o Executiva dos Empregados (CEE) da Caixa Econ\u00f4mica Federal, cobrou esclarecimentos da dire\u00e7\u00e3o do banco sobre o descumprimento do Acordo Coletivo de Trabalho da Comiss\u00e3o de Concilia\u00e7\u00e3o Volunt\u00e1ria (CCV). Segundo a coordenadora da CEE\/Caixa, Fabiana Uehara Proscholdt, as entidades t\u00eam denunciado que a [&hellip;]<\/p>\n","protected":false},"author":2,"featured_media":11078,"comment_status":"","ping_status":"","sticky":false,"template":"","format":"standard","meta":{"footnotes":""},"categories":[3],"tags":[],"class_list":["post-11079","post","type-post","status-publish","format-standard","has-post-thumbnail","hentry","category-noticias"],"_links":{"self":[{"href":"https:\/\/hostnetart.com.br\/baixada\/wp-json\/wp\/v2\/posts\/11079","targetHints":{"allow":["GET"]}}],"collection":[{"href":"https:\/\/hostnetart.com.br\/baixada\/wp-json\/wp\/v2\/posts"}],"about":[{"href":"https:\/\/hostnetart.com.br\/baixada\/wp-json\/wp\/v2\/types\/post"}],"author":[{"embeddable":true,"href":"https:\/\/hostnetart.com.br\/baixada\/wp-json\/wp\/v2\/users\/2"}],"replies":[{"embeddable":true,"href":"https:\/\/hostnetart.com.br\/baixada\/wp-json\/wp\/v2\/comments?post=11079"}],"version-history":[{"count":0,"href":"https:\/\/hostnetart.com.br\/baixada\/wp-json\/wp\/v2\/posts\/11079\/revisions"}],"wp:featuredmedia":[{"embeddable":true,"href":"https:\/\/hostnetart.com.br\/baixada\/wp-json\/wp\/v2\/media\/11078"}],"wp:attachment":[{"href":"https:\/\/hostnetart.com.br\/baixada\/wp-json\/wp\/v2\/media?parent=11079"}],"wp:term":[{"taxonomy":"category","embeddable":true,"href":"https:\/\/hostnetart.com.br\/baixada\/wp-json\/wp\/v2\/categories?post=11079"},{"taxonomy":"post_tag","embeddable":true,"href":"https:\/\/hostnetart.com.br\/baixada\/wp-json\/wp\/v2\/tags?post=11079"}],"curies":[{"name":"wp","href":"https:\/\/api.w.org\/{rel}","templated":true}]}}