{"id":11075,"date":"2021-06-11T23:30:58","date_gmt":"2021-06-12T02:30:58","guid":{"rendered":"https:\/\/hostnetart.com.br\/baixada\/gt-saude-caixa-retoma-discussao-sobre-a-construcao-de-um-modelo-de-custeio\/"},"modified":"2021-06-11T23:30:58","modified_gmt":"2021-06-12T02:30:58","slug":"gt-saude-caixa-retoma-discussao-sobre-a-construcao-de-um-modelo-de-custeio","status":"publish","type":"post","link":"https:\/\/hostnetart.com.br\/baixada\/gt-saude-caixa-retoma-discussao-sobre-a-construcao-de-um-modelo-de-custeio\/","title":{"rendered":"GT Sa\u00fade Caixa retoma discuss\u00e3o sobre a constru\u00e7\u00e3o de um modelo de custeio"},"content":{"rendered":"<p>O Grupo de Trabalho Sa\u00fade Caixa retomou, nesta quinta-feira (10), a agenda de discuss\u00f5es sobre a constru\u00e7\u00e3o de um modelo de custeio do plano de assist\u00eancia \u00e0 sa\u00fade dos empregados a partir de 2022.<\/p>\n<p>A representa\u00e7\u00e3o dos empregados n\u00e3o validou o relat\u00f3rio sobre proje\u00e7\u00e3o de custeio apresentado pela Caixa. Portanto, a reuni\u00e3o n\u00e3o avan\u00e7ou na discuss\u00e3o das propostas. Um novo encontro, desta vez com a presen\u00e7a dos atu\u00e1rios para esclarecer os dados, ficou pr\u00e9-agendado para a pr\u00f3xima segunda-feira (14).<\/p>\n<p>\u201cSem a valida\u00e7\u00e3o dos dados a discuss\u00e3o do custeio do plano fica invi\u00e1vel. Nossa prioridade no grupo de trabalho \u00e9 buscar um modelo que viabilize o Sa\u00fade Caixa para todos \u2013 ativos e aposentados \u2013 sem distin\u00e7\u00e3o\u201d, destacou Fabiana Uehara Proscholdt, coordenadora da Comiss\u00e3o Executiva de Empregados (CEE\/Caixa) e do GT Sa\u00fade Caixa.<\/p>\n<p>A coordenadora tamb\u00e9m informou que o foco do trabalho vai al\u00e9m do custeio do Sa\u00fade Caixa. \u201cPrecisamos discutir a gest\u00e3o do nosso plano de sa\u00fade, que atualmente \u00e9 insatisfat\u00f3ria. Com as reestrutura\u00e7\u00f5es que ocorreram na empresa, o servi\u00e7o do nosso plano de sa\u00fade est\u00e1 piorando\u201d, opinou.<\/p>\n<p>O presidente da Federa\u00e7\u00e3o Nacional das Associa\u00e7\u00f5es do Pessoal da Caixa Econ\u00f4mica Federal (Fenae), Sergio Takemoto, ressaltou que a Federa\u00e7\u00e3o continua acompanhando o trabalho do grupo. \u201cA atua\u00e7\u00e3o dos representantes dos empregados tem sido fundamental para defender que o Sa\u00fade Caixa continue um plano de excel\u00eancia e vi\u00e1vel para os trabalhadores do banco. \u00c9 importante destacar que essa luta \u00e9 de todos n\u00f3s. A atual conjuntura pol\u00edtica e as diretrizes do Governo sobre os planos de autogest\u00e3o das estatais exigem muita mobiliza\u00e7\u00e3o n\u00e3o s\u00f3 das entidades, mas de todos os empregados\u201d, alertou o presidente da Fenae.<\/p>\n<p>As reuni\u00f5es do GT come\u00e7aram no dia 14 de janeiro deste ano. Nos meses de abril e maio, o trabalho foi concentrado na an\u00e1lise de dados do plano. Conforme o acordo coletivo 2020\/2022, o GT Sa\u00fade Caixa foi criado para estudar o custeio e gest\u00e3o do plano de sa\u00fade dos empregados. O grupo parit\u00e1rio, composto por representantes dos empregados e da Caixa, deve apresentar um formato de custeio e gest\u00e3o do plano at\u00e9 o dia 31 de julho de 2021.<\/p>\n<p>Posteriormente, as propostas ser\u00e3o encaminhadas para debate na mesa permanente. A (s) melhor (es) proposta (s) ser\u00e1 encaminhada aos empregados para vota\u00e7\u00e3o at\u00e9 31 de agosto de 2021. A mais votada ser\u00e1 implementada at\u00e9 2 de janeiro de 2022. Os integrantes representantes dos empregados no GT Sa\u00fade Caixa s\u00e3o: Fabiana Uehara, Leonardo Quadros, S\u00e9rgio Amorim, Alexandro Livramento, Lilian Minchin, Marilde Zarpellon e M\u00e1rcia Krambeck.<\/p>\n<p><strong>Fonte: Fenae<\/strong><\/p>\n","protected":false},"excerpt":{"rendered":"<p>O Grupo de Trabalho Sa\u00fade Caixa retomou, nesta quinta-feira (10), a agenda de discuss\u00f5es sobre a constru\u00e7\u00e3o de um modelo de custeio do plano de assist\u00eancia \u00e0 sa\u00fade dos empregados a partir de 2022. A representa\u00e7\u00e3o dos empregados n\u00e3o validou o relat\u00f3rio sobre proje\u00e7\u00e3o de custeio apresentado pela Caixa. Portanto, a reuni\u00e3o n\u00e3o avan\u00e7ou na [&hellip;]<\/p>\n","protected":false},"author":2,"featured_media":11074,"comment_status":"","ping_status":"","sticky":false,"template":"","format":"standard","meta":{"footnotes":""},"categories":[3],"tags":[],"class_list":["post-11075","post","type-post","status-publish","format-standard","has-post-thumbnail","hentry","category-noticias"],"_links":{"self":[{"href":"https:\/\/hostnetart.com.br\/baixada\/wp-json\/wp\/v2\/posts\/11075","targetHints":{"allow":["GET"]}}],"collection":[{"href":"https:\/\/hostnetart.com.br\/baixada\/wp-json\/wp\/v2\/posts"}],"about":[{"href":"https:\/\/hostnetart.com.br\/baixada\/wp-json\/wp\/v2\/types\/post"}],"author":[{"embeddable":true,"href":"https:\/\/hostnetart.com.br\/baixada\/wp-json\/wp\/v2\/users\/2"}],"replies":[{"embeddable":true,"href":"https:\/\/hostnetart.com.br\/baixada\/wp-json\/wp\/v2\/comments?post=11075"}],"version-history":[{"count":0,"href":"https:\/\/hostnetart.com.br\/baixada\/wp-json\/wp\/v2\/posts\/11075\/revisions"}],"wp:featuredmedia":[{"embeddable":true,"href":"https:\/\/hostnetart.com.br\/baixada\/wp-json\/wp\/v2\/media\/11074"}],"wp:attachment":[{"href":"https:\/\/hostnetart.com.br\/baixada\/wp-json\/wp\/v2\/media?parent=11075"}],"wp:term":[{"taxonomy":"category","embeddable":true,"href":"https:\/\/hostnetart.com.br\/baixada\/wp-json\/wp\/v2\/categories?post=11075"},{"taxonomy":"post_tag","embeddable":true,"href":"https:\/\/hostnetart.com.br\/baixada\/wp-json\/wp\/v2\/tags?post=11075"}],"curies":[{"name":"wp","href":"https:\/\/api.w.org\/{rel}","templated":true}]}}