{"id":11071,"date":"2021-06-10T17:20:53","date_gmt":"2021-06-10T20:20:53","guid":{"rendered":"https:\/\/hostnetart.com.br\/baixada\/financiarios-terao-reajuste-de-8-9-nas-verbas-economicas\/"},"modified":"2021-06-10T17:20:53","modified_gmt":"2021-06-10T20:20:53","slug":"financiarios-terao-reajuste-de-8-9-nas-verbas-economicas","status":"publish","type":"post","link":"https:\/\/hostnetart.com.br\/baixada\/financiarios-terao-reajuste-de-8-9-nas-verbas-economicas\/","title":{"rendered":"Financi\u00e1rios ter\u00e3o reajuste de 8,9% nas verbas econ\u00f4micas"},"content":{"rendered":"<p>O \u00cdndice Nacional de Pre\u00e7os ao Consumidor (IPCA) do m\u00eas de maio ficou em 0,96%, de acordo com dados divulgados pelo Instituto Brasileiro de Geografia e Estat\u00edstica (IBGE), na tarde desta quarta-feira (9). Com isto, o \u00edndice acumulado para a data-base da categoria dos financi\u00e1rios, do per\u00edodo de junho de 2020 a maio 2021, ficou em 8,9%. Portanto, os sal\u00e1rios e as demais cl\u00e1usulas econ\u00f4micas, al\u00e9m dos valores de PLR, previstos na Conven\u00e7\u00e3o Coletiva de Trabalho (CCT) 2020\/2022, ser\u00e3o corrigidos com esse \u00edndice.<\/p>\n<p>O reajuste de 8,9% ser\u00e1 aplicado retroativo a 1\u00ba de junho de 2021, sobre os sal\u00e1rios e aux\u00edlios praticados em 31 de maio de 2021. \u201cO IPCA representa a infla\u00e7\u00e3o do pa\u00eds e teve, em maio, sua maior alta desde 1996. Esta movimenta\u00e7\u00e3o refor\u00e7a a import\u00e2ncia da negocia\u00e7\u00e3o coletiva de dois anos, conquistada frente \u00e0s financeiras. N\u00e3o s\u00f3 garantimos a manuten\u00e7\u00e3o de todos os direitos, como tamb\u00e9m a reposi\u00e7\u00e3o da alta de pre\u00e7os de acordo com o INPC\u201d, comemorou o coordenador da Comiss\u00e3o de Negocia\u00e7\u00e3o com as financeiras, Jair Alves.<\/p>\n<p><strong>Fonte: Contraf-CUT<\/strong><\/p>\n","protected":false},"excerpt":{"rendered":"<p>O \u00cdndice Nacional de Pre\u00e7os ao Consumidor (IPCA) do m\u00eas de maio ficou em 0,96%, de acordo com dados divulgados pelo Instituto Brasileiro de Geografia e Estat\u00edstica (IBGE), na tarde desta quarta-feira (9). Com isto, o \u00edndice acumulado para a data-base da categoria dos financi\u00e1rios, do per\u00edodo de junho de 2020 a maio 2021, ficou [&hellip;]<\/p>\n","protected":false},"author":2,"featured_media":11070,"comment_status":"","ping_status":"","sticky":false,"template":"","format":"standard","meta":{"footnotes":""},"categories":[3],"tags":[],"class_list":["post-11071","post","type-post","status-publish","format-standard","has-post-thumbnail","hentry","category-noticias"],"_links":{"self":[{"href":"https:\/\/hostnetart.com.br\/baixada\/wp-json\/wp\/v2\/posts\/11071","targetHints":{"allow":["GET"]}}],"collection":[{"href":"https:\/\/hostnetart.com.br\/baixada\/wp-json\/wp\/v2\/posts"}],"about":[{"href":"https:\/\/hostnetart.com.br\/baixada\/wp-json\/wp\/v2\/types\/post"}],"author":[{"embeddable":true,"href":"https:\/\/hostnetart.com.br\/baixada\/wp-json\/wp\/v2\/users\/2"}],"replies":[{"embeddable":true,"href":"https:\/\/hostnetart.com.br\/baixada\/wp-json\/wp\/v2\/comments?post=11071"}],"version-history":[{"count":0,"href":"https:\/\/hostnetart.com.br\/baixada\/wp-json\/wp\/v2\/posts\/11071\/revisions"}],"wp:featuredmedia":[{"embeddable":true,"href":"https:\/\/hostnetart.com.br\/baixada\/wp-json\/wp\/v2\/media\/11070"}],"wp:attachment":[{"href":"https:\/\/hostnetart.com.br\/baixada\/wp-json\/wp\/v2\/media?parent=11071"}],"wp:term":[{"taxonomy":"category","embeddable":true,"href":"https:\/\/hostnetart.com.br\/baixada\/wp-json\/wp\/v2\/categories?post=11071"},{"taxonomy":"post_tag","embeddable":true,"href":"https:\/\/hostnetart.com.br\/baixada\/wp-json\/wp\/v2\/tags?post=11071"}],"curies":[{"name":"wp","href":"https:\/\/api.w.org\/{rel}","templated":true}]}}