{"id":11065,"date":"2021-06-09T13:52:41","date_gmt":"2021-06-09T16:52:41","guid":{"rendered":"https:\/\/hostnetart.com.br\/baixada\/9-de-junho-no-dia-mundial-da-imunizacao-a-luta-e-por-vacina-ja-para-todos\/"},"modified":"2021-06-09T13:52:41","modified_gmt":"2021-06-09T16:52:41","slug":"9-de-junho-no-dia-mundial-da-imunizacao-a-luta-e-por-vacina-ja-para-todos","status":"publish","type":"post","link":"https:\/\/hostnetart.com.br\/baixada\/9-de-junho-no-dia-mundial-da-imunizacao-a-luta-e-por-vacina-ja-para-todos\/","title":{"rendered":"9 de junho: no Dia Nacional da Imuniza\u00e7\u00e3o, a luta \u00e9 por vacina j\u00e1 e para todos!"},"content":{"rendered":"<p>A\u00a0pandemia de\u00a0Covid-19\u00a0e o esfor\u00e7o internacional para lutar contra o v\u00edrus\u00a0mostrou a import\u00e2ncia das vacinas para o controle de doen\u00e7as. Neste 9 de junho, quando se comemora o Dia Nacional da Imuniza\u00e7\u00e3o,\u00a0\u00e9 importante\u00a0combater\u00a0as\u00a0<em>fake\u00a0news<\/em>\u00a0que espalham medo e desinforma\u00e7\u00e3o\u00a0e refor\u00e7ar\u00a0a necessidade de que a cobertura vacinal\u00a0alcance\u00a0o maior n\u00famero de pessoas para a seguran\u00e7a de todos.<\/p>\n<p>O Brasil entrou em junho com pouco mais de 22 milh\u00f5es de pessoas completamente imunizadas com as duas doses das vacinas contra a Covid-19. De acordo com n\u00fameros de 1\u00ba de junho, quase 22% da popula\u00e7\u00e3o tinha recebido ao menos uma dose e cerca de 10% a segunda.\u00a0Pesquisas mostram ser necess\u00e1ria uma imuniza\u00e7\u00e3o de\u00a075% da popula\u00e7\u00e3o adulta para que as regras de distanciamento, uso de m\u00e1scaras e de \u00e1lcool em gel sejam finalmente afrouxadas. E isso ainda n\u00e3o tem data para acontecer\u00a0no Brasil.<\/p>\n<p>Por estarem na linha de frente do atendimento \u00e0 popula\u00e7\u00e3o em\u00a0um dos poucos setores onde n\u00e3o houve\u00a0<em>lockdown<\/em>,\u00a0os banc\u00e1rios est\u00e3o mobilizados\u00a0para reivindicar a inclus\u00e3o da categoria no Plano Nacional de\u00a0Imuniza\u00e7\u00f5es\u00a0(PNI).\u00a0Pela press\u00e3o dos banc\u00e1rios e entidades, realizada nas \u00faltimas semanas, o Comando Nacional dos Banc\u00e1rios e a Federa\u00e7\u00e3o Nacional dos Bancos (Fenaban) conseguiram agendar reuni\u00e3o com o governo federal para discutir a entrada da categoria no Plano Nacional de Imuniza\u00e7\u00f5es.\u00a0<\/p>\n<p>A reuni\u00e3o foi agendada para o dia 15 de junho, com\u00a0a Secretaria Especial de Previd\u00eancia e Trabalho\u00a0e\u00a0a presen\u00e7a da\u00a0Fenaban\u00a0e da Febraban, al\u00e9m do Comando Nacional dos Banc\u00e1rios.\u00a0\u201cEspero que haja bom senso e respeito com quem est\u00e1 atuando na linha de frente, e com toda popula\u00e7\u00e3o brasileira, que espera ansiosa a vacina\u00e7\u00e3o\u00a0em massa\u201d afirmou\u00a0Rita Serrano, que,\u00a0como representante dos empregados no Conselho de\u00a0Administra\u00e7\u00e3o\u00a0da Caixa,\u00a0j\u00e1 havia levado essa demanda\u00a0dos colegas\u00a0para\u00a0a \u00faltima reuni\u00e3o do Conselho.<\/p>\n<p>A imuniza\u00e7\u00e3o j\u00e1 reflete numa queda significativa do n\u00famero de mortes da popula\u00e7\u00e3o idosa, que representava 79% dos \u00f3bitos em novembro de 2020 e passou para 57,6% no m\u00eas de maio.\u00a0<a href=\"https:\/\/butantan.gov.br\/noticias\/projeto-s-imunizacao-em-serrana-faz-casos-de-covid-19-despencarem-80-e-mortes-95\">Uma\u00a0pesquisa realizada\u00a0pelo Instituto Butantan<\/a>,\u00a0no munic\u00edpio de Serrana (SP), com a vacina\u00a0Coronavac, indicou que o n\u00famero de casos sintom\u00e1ticos da Covid-19 caiu 80%; as interna\u00e7\u00f5es, 86%; e as mortes, 95% ap\u00f3s a segunda dose da vacina.<\/p>\n<p>\u201cN\u00f3s poder\u00edamos estar na linha de frente, pela expertise que j\u00e1 temos em campanhas de vacina\u00e7\u00e3o, somos refer\u00eancia, mas o governo preferiu vender a\u00a0ideia de rem\u00e9dios\u00a0que n\u00e3o funcionam, ao inv\u00e9s de garantir insumos para adiantarmos a produ\u00e7\u00e3o de vacinas\u201d,\u00a0criticou\u00a0o presidente da\u00a0Fenae, Sergio\u00a0Takemoto.<\/p>\n<p>A pandemia da Covid-19, que j\u00e1 matou mais de\u00a03,7\u00a0milh\u00f5es\u00a0de pessoas no mundo, segundo\u00a0<a href=\"https:\/\/covid19.who.int\/\">dados da Organiza\u00e7\u00e3o Mundial de Sa\u00fade (OMS)<\/a>, tamb\u00e9m fez com que vacinas fossem desenvolvidas, aprovadas, fabricadas e aplicadas na popula\u00e7\u00e3o em menos de um ano.<\/p>\n<p>Para evitar que sites divulguem falsas informa\u00e7\u00f5es a respeito da seguran\u00e7a das vacinas, a OMS criou uma rede de seguran\u00e7a das vacinas, onde os sites s\u00e3o fiscalizados quanto \u00e0 confiabilidade de suas informa\u00e7\u00f5es.\u00a0No Brasil,\u00a0o site listado na rede de seguran\u00e7a das vacinas \u00e9 o\u00a0site da Sociedade\u00a0Brasileira de Imuniza\u00e7\u00f5es.\u00a0<\/p>\n<p><strong>Fonte: Fenae<\/strong><\/p>\n","protected":false},"excerpt":{"rendered":"<p>A\u00a0pandemia de\u00a0Covid-19\u00a0e o esfor\u00e7o internacional para lutar contra o v\u00edrus\u00a0mostrou a import\u00e2ncia das vacinas para o controle de doen\u00e7as. Neste 9 de junho, quando se comemora o Dia Nacional da Imuniza\u00e7\u00e3o,\u00a0\u00e9 importante\u00a0combater\u00a0as\u00a0fake\u00a0news\u00a0que espalham medo e desinforma\u00e7\u00e3o\u00a0e refor\u00e7ar\u00a0a necessidade de que a cobertura vacinal\u00a0alcance\u00a0o maior n\u00famero de pessoas para a seguran\u00e7a de todos. O Brasil entrou [&hellip;]<\/p>\n","protected":false},"author":2,"featured_media":11064,"comment_status":"","ping_status":"","sticky":false,"template":"","format":"standard","meta":{"footnotes":""},"categories":[3],"tags":[],"class_list":["post-11065","post","type-post","status-publish","format-standard","has-post-thumbnail","hentry","category-noticias"],"_links":{"self":[{"href":"https:\/\/hostnetart.com.br\/baixada\/wp-json\/wp\/v2\/posts\/11065","targetHints":{"allow":["GET"]}}],"collection":[{"href":"https:\/\/hostnetart.com.br\/baixada\/wp-json\/wp\/v2\/posts"}],"about":[{"href":"https:\/\/hostnetart.com.br\/baixada\/wp-json\/wp\/v2\/types\/post"}],"author":[{"embeddable":true,"href":"https:\/\/hostnetart.com.br\/baixada\/wp-json\/wp\/v2\/users\/2"}],"replies":[{"embeddable":true,"href":"https:\/\/hostnetart.com.br\/baixada\/wp-json\/wp\/v2\/comments?post=11065"}],"version-history":[{"count":0,"href":"https:\/\/hostnetart.com.br\/baixada\/wp-json\/wp\/v2\/posts\/11065\/revisions"}],"wp:featuredmedia":[{"embeddable":true,"href":"https:\/\/hostnetart.com.br\/baixada\/wp-json\/wp\/v2\/media\/11064"}],"wp:attachment":[{"href":"https:\/\/hostnetart.com.br\/baixada\/wp-json\/wp\/v2\/media?parent=11065"}],"wp:term":[{"taxonomy":"category","embeddable":true,"href":"https:\/\/hostnetart.com.br\/baixada\/wp-json\/wp\/v2\/categories?post=11065"},{"taxonomy":"post_tag","embeddable":true,"href":"https:\/\/hostnetart.com.br\/baixada\/wp-json\/wp\/v2\/tags?post=11065"}],"curies":[{"name":"wp","href":"https:\/\/api.w.org\/{rel}","templated":true}]}}