{"id":11051,"date":"2021-06-07T03:14:59","date_gmt":"2021-06-07T06:14:59","guid":{"rendered":"https:\/\/hostnetart.com.br\/baixada\/g7-anuncia-imposto-global-sobre-lucro-de-empresas-multinacionais\/"},"modified":"2021-06-07T03:14:59","modified_gmt":"2021-06-07T06:14:59","slug":"g7-anuncia-imposto-global-sobre-lucro-de-empresas-multinacionais","status":"publish","type":"post","link":"https:\/\/hostnetart.com.br\/baixada\/g7-anuncia-imposto-global-sobre-lucro-de-empresas-multinacionais\/","title":{"rendered":"G7 anuncia imposto global sobre lucro de empresas multinacionais"},"content":{"rendered":"<p>O grupo dos sete pa\u00edses mais ricos do mundo, o G7, anunciou neste s\u00e1bado (5) a cria\u00e7\u00e3o de um imposto global para grandes empresas e multinacionais de \u201cpelo menos 15%\u201d. O an\u00fancio foi feito ap\u00f3s reuni\u00e3o de dois dias em Londres. Segundo informa\u00e7\u00f5es do UOL com a ag\u00eancia AFP, o acordo alcan\u00e7ado pelos l\u00edderes dos sete pa\u00edses mais ricos do mundo foi descrito como \u201chist\u00f3rico\u201d pelo ministro brit\u00e2nico das Finan\u00e7as, Rishi Sunak, que presidiu a reuni\u00e3o.<\/p>\n<p>Para Sunak, a taxa\u00e7\u00e3o \u00e9 justa porque tamb\u00e9m dificulta a exist\u00eancia de para\u00edsos fiscais, onde essas empresas remetem seus lucros para pagar menos ou nenhum imposto.<\/p>\n<p class=\"has-background has-very-light-gray-background-color\">A ag\u00eancia de not\u00edcias Ansa reportou que o brit\u00e2nico explicou que \u201cas maiores empresas globais, com margens de lucro acima de 10%, ver\u00e3o cerca de 20% de todos os lucros acima desse limite realocados e tributados nos pa\u00edses onde as vendas foram realizadas\u201d.<\/p>\n<p>O compromisso dos sete Estados (Reino Unido, Fran\u00e7a, Alemanha, It\u00e1lia, Jap\u00e3o, Estados Unidos e Canad\u00e1) por uma reforma tribut\u00e1ria global \u201cadaptada \u00e0 era digital\u201d, como descreveu Sunak, representa um importante impulso para a reuni\u00e3o do G20, que ser\u00e1 realizada em julho, em Veneza, e onde se espera um acordo formal sobre o assunto.<\/p>\n<h2><span style=\"text-decoration: underline;\">Justi\u00e7a e solidariedade fiscal<\/span><\/h2>\n<p>O ministro alem\u00e3o das Finan\u00e7as, Olaf Scholz, estimou que a iminente implementa\u00e7\u00e3o do imposto \u00e9 \u201cuma boa not\u00edcia para a justi\u00e7a e a solidariedade fiscais\u201d.<\/p>\n<p>\u201cE uma m\u00e1 not\u00edcia para os para\u00edsos fiscais em todo o mundo. As empresas n\u00e3o poder\u00e3o mais fugir de suas obriga\u00e7\u00f5es tribut\u00e1rias transferindo habilmente seus lucros para pa\u00edses com baixa tributa\u00e7\u00e3o\u201d, acrescentou. O UOL destaca que \u201co texto final do comunicado obtido pela AFP tamb\u00e9m menciona o compromisso com uma melhor distribui\u00e7\u00e3o dos direitos de tributar os lucros das grandes multinacionais, principalmente as digitais e americanas\u201d. \u00c9 o chamado segundo \u201cpilar\u201d da reforma proposta pela\u00a0<a href=\"https:\/\/www.oecd.org\/latin-america\/countries\/brazil\/brasil.htm\" target=\"_blank\" rel=\"noopener noreferrer\">OCDE<\/a>\u00a0e que inclui cerca de 140 pa\u00edses.<\/p>\n<p><strong>Fonte: Rede Brasil Atual<\/strong><\/p>\n","protected":false},"excerpt":{"rendered":"<p>O grupo dos sete pa\u00edses mais ricos do mundo, o G7, anunciou neste s\u00e1bado (5) a cria\u00e7\u00e3o de um imposto global para grandes empresas e multinacionais de \u201cpelo menos 15%\u201d. O an\u00fancio foi feito ap\u00f3s reuni\u00e3o de dois dias em Londres. Segundo informa\u00e7\u00f5es do UOL com a ag\u00eancia AFP, o acordo alcan\u00e7ado pelos l\u00edderes dos [&hellip;]<\/p>\n","protected":false},"author":2,"featured_media":11050,"comment_status":"","ping_status":"","sticky":false,"template":"","format":"standard","meta":{"footnotes":""},"categories":[3],"tags":[],"class_list":["post-11051","post","type-post","status-publish","format-standard","has-post-thumbnail","hentry","category-noticias"],"_links":{"self":[{"href":"https:\/\/hostnetart.com.br\/baixada\/wp-json\/wp\/v2\/posts\/11051","targetHints":{"allow":["GET"]}}],"collection":[{"href":"https:\/\/hostnetart.com.br\/baixada\/wp-json\/wp\/v2\/posts"}],"about":[{"href":"https:\/\/hostnetart.com.br\/baixada\/wp-json\/wp\/v2\/types\/post"}],"author":[{"embeddable":true,"href":"https:\/\/hostnetart.com.br\/baixada\/wp-json\/wp\/v2\/users\/2"}],"replies":[{"embeddable":true,"href":"https:\/\/hostnetart.com.br\/baixada\/wp-json\/wp\/v2\/comments?post=11051"}],"version-history":[{"count":0,"href":"https:\/\/hostnetart.com.br\/baixada\/wp-json\/wp\/v2\/posts\/11051\/revisions"}],"wp:featuredmedia":[{"embeddable":true,"href":"https:\/\/hostnetart.com.br\/baixada\/wp-json\/wp\/v2\/media\/11050"}],"wp:attachment":[{"href":"https:\/\/hostnetart.com.br\/baixada\/wp-json\/wp\/v2\/media?parent=11051"}],"wp:term":[{"taxonomy":"category","embeddable":true,"href":"https:\/\/hostnetart.com.br\/baixada\/wp-json\/wp\/v2\/categories?post=11051"},{"taxonomy":"post_tag","embeddable":true,"href":"https:\/\/hostnetart.com.br\/baixada\/wp-json\/wp\/v2\/tags?post=11051"}],"curies":[{"name":"wp","href":"https:\/\/api.w.org\/{rel}","templated":true}]}}