{"id":11049,"date":"2021-06-07T03:10:36","date_gmt":"2021-06-07T06:10:36","guid":{"rendered":"https:\/\/hostnetart.com.br\/baixada\/epicentro-da-covid-19-america-do-sul-luta-contra-desigualdade-e-desinformacao\/"},"modified":"2021-06-07T03:10:36","modified_gmt":"2021-06-07T06:10:36","slug":"epicentro-da-covid-19-america-do-sul-luta-contra-desigualdade-e-desinformacao","status":"publish","type":"post","link":"https:\/\/hostnetart.com.br\/baixada\/epicentro-da-covid-19-america-do-sul-luta-contra-desigualdade-e-desinformacao\/","title":{"rendered":"Epicentro da covid-19, Am\u00e9rica do Sul luta contra desigualdade e desinforma\u00e7\u00e3o"},"content":{"rendered":"<p>Na ter\u00e7a-feira (1\u00ba), o diretor da Organiza\u00e7\u00e3o Mundial de Sa\u00fade (OMS) para situa\u00e7\u00f5es de emerg\u00eancia, Michael Ryan, disse estar preocupado com a situa\u00e7\u00e3o da covid-19 na Am\u00e9rica do Sul, apontando que 8 dos 10 pa\u00edses com maiores taxas de mortalidade pela doen\u00e7a nas \u00faltimas semanas est\u00e3o localizados nas Am\u00e9ricas. \u201cA transmiss\u00e3o da doen\u00e7a \u00e9 intensa, a transmiss\u00e3o comunit\u00e1ria \u00e9 generalizada e os sistemas de sa\u00fade continuam sob press\u00e3o\u201d, pontuou.<\/p>\n<p>Atualmente, Am\u00e9rica do Norte, Europa, \u00c1sia, \u00c1frica e Oceania est\u00e3o registrando uma m\u00e9dia semanal de menos de 100 novos casos de covid-19 por milh\u00e3o de pessoas por dia. J\u00e1 a Am\u00e9rica do Sul ultrapassa os 300 novos casos de covid-19 por milh\u00e3o de pessoas di\u00e1rios.<\/p>\n<p>Os n\u00fameros oficiais do continente pioraram ap\u00f3s o\u00a0<a href=\"https:\/\/www.redebrasilatual.com.br\/tag\/peru\/\" target=\"_blank\" rel=\"noopener noreferrer\">Peru<\/a>\u00a0ter revisado o n\u00famero de mortes decorrentes do novo coronav\u00edrus at\u00e9 22 de maio, passando na ocasi\u00e3o de 68.053 para 180.764 v\u00edtimas, tornando-se o primeiro pa\u00eds do mundo em \u00f3bitos decorrentes do novo coronav\u00edrus por 100 mil habitantes. Antes, o governo produzia um relat\u00f3rio registrando apenas mortes de pacientes sintom\u00e1ticos que testaram positivo, mas o comit\u00ea t\u00e9cnico acrescentou outros seis crit\u00e9rios.<\/p>\n<p>E o Brasil pode ter contribu\u00eddo para a marca recorde do pa\u00eds vizinho. Na capital, Lima, 40% dos v\u00edrus sequenciados em 24 de mar\u00e7o foram P.1, variante identificada pela primeira vez no Amazonas e que j\u00e1 est\u00e1 em quase todas as regi\u00f5es do Peru, de acordo com o Minist\u00e9rio da Sa\u00fade do pa\u00eds vizinho. \u201c\u00c9 razo\u00e1vel esperar que (a P.1) tenha contribu\u00eddo para a r\u00e1pida dissemina\u00e7\u00e3o do v\u00edrus\u201d, disse o chefe da miss\u00e3o M\u00e9dicos Sem Fronteiras no Peru, Jean-Baptiste Marion, de acordo com artigo escrito por Luke Taylor, publicado no\u00a0<a href=\"https:\/\/www.bmj.com\/content\/373\/bmj.n1227\"><em>British Medical Journal<\/em><\/a>.<\/p>\n<div class=\"wp-block-image\">\n<figure class=\"alignleft size-large is-resized\"><img fetchpriority=\"high\" decoding=\"async\" class=\"wp-image-467149 lazyloaded\" src=\"https:\/\/www.redebrasilatual.com.br\/wp-content\/uploads\/2021\/01\/canva-photo-editor-38-1024x643.jpg\" sizes=\"(max-width: 330px) 100vw, 330px\" srcset=\"https:\/\/www.redebrasilatual.com.br\/wp-content\/uploads\/2021\/01\/canva-photo-editor-38-1024x643.jpg 1024w, https:\/\/www.redebrasilatual.com.br\/wp-content\/uploads\/2021\/01\/canva-photo-editor-38-360x226.jpg 360w, https:\/\/www.redebrasilatual.com.br\/wp-content\/uploads\/2021\/01\/canva-photo-editor-38-768x483.jpg 768w, https:\/\/www.redebrasilatual.com.br\/wp-content\/uploads\/2021\/01\/canva-photo-editor-38.jpg 1200w\" alt=\"Itamar Crispim\/Fiocruz\" width=\"330\" height=\"207\" data-ll-status=\"loaded\" \/><figcaption><em>Estudos apontam que variante P.1 tem maior potencial de transmissibilidade<\/em><\/figcaption><\/figure>\n<\/div>\n<p>Estudos sugerem que a variante P1 \u00e9 1,7 a 2,4 vezes\u00a0<a href=\"https:\/\/www.bmj.com\/content\/373\/bmj.n1227#ref-5\">mais transmiss\u00edvel<\/a>\u00a0do que as variantes anteriores. Mas n\u00e3o se pode atribuir somente \u00e0 cepa originada no Brasil a situa\u00e7\u00e3o ca\u00f3tica. Diversos especialistas apontam tamb\u00e9m para outros fatores como o efeito do relaxamento das medidas de distanciamento social, al\u00e9m de sistemas de sa\u00fade em colapso. O chefe do laborat\u00f3rio de virologia molecular do Centro Universitario de la Regi\u00f3n Norte, Rodney Colina, destaca \u00e0 publica\u00e7\u00e3o brit\u00e2nica o exemplo do Uruguai, em que a chave para entender o aumento de casos \u00e9 a volta de uma circula\u00e7\u00e3o maior de pessoas. \u201cIsso se explica principalmente pela reabertura de atividades como o in\u00edcio das aulas de ensino fundamental, fundamental e m\u00e9dio.\u201d O pa\u00eds seria um dos exemplos t\u00edpicos de quem achou que j\u00e1 havia controlado a pandemia, mas flexibilizou as medidas de distanciamento cedo demais.<\/p>\n<h2><span style=\"text-decoration: underline;\">Desigualdades que matam<\/span><\/h2>\n<p>A pandemia, al\u00e9m de\u00a0<a href=\"https:\/\/www.redebrasilatual.com.br\/economia\/2020\/04\/pandemia-ressalta-desigualdade-brasileira-ameaca-emprego\/\" target=\"_blank\" rel=\"noopener noreferrer\">escancarar as desigualdades<\/a>\u00a0de todos os tipos na regi\u00e3o, desde as socioecon\u00f4micas at\u00e9 as de acesso \u00e0 sa\u00fade e saneamento b\u00e1sico, tamb\u00e9m mostra que as condi\u00e7\u00f5es de vida de boa parte da popula\u00e7\u00e3o acabam retroalimentando o ciclo de cont\u00e1gio. Segundo o secret\u00e1rio-executivo adjunto da Comiss\u00e3o Econ\u00f4mica para a Am\u00e9rica Latina e o Caribe (Cepal), Mario Cimoli, as classes de baixa renda foram deixadas \u00e0 pr\u00f3pria sorte para enfrentar a covid-19 em muitos pa\u00edses.<\/p>\n<p>\u201cVoc\u00ea tem um bom sistema de sa\u00fade para os ricos e um p\u00e9ssimo sistema para os pobres\u201d, disse Cimoli em entrevista \u00e0\u00a0<a href=\"https:\/\/abcnews.go.com\/International\/million-covid-19-deaths-latin-america-highlight-poverty\/story?id=78017648\"><em>ABC News<\/em><\/a>. Ele ressalta que um dos problemas relacionados \u00e0 crise sanit\u00e1ria \u00e9 o fato de que boa parte da popula\u00e7\u00e3o da regi\u00e3o teve de continuar trabalhando para sustentar suas fam\u00edlias, mas sem acesso a cuidados m\u00e9dicos adequados caso adoecessem.<\/p>\n<p>Por outro lado, a vacina\u00e7\u00e3o contra a covid-19 tamb\u00e9m avan\u00e7a lentamente n\u00e3o somente na Am\u00e9rica do Sul, mas em todo o continente latino-americano. Aproximadamente 3% dos cidad\u00e3os latino-americanos foram vacinados, de acordo com a Organiza\u00e7\u00e3o Pan-Americana da Sa\u00fade (OPAS), com alguns pa\u00edses apresentando taxas de imuniza\u00e7\u00e3o melhores como o Chile, que j\u00e1 vacinou totalmente 42% de sua popula\u00e7\u00e3o, e o Uruguai, com 30%, de acordo com a Universidade Johns Hopkins.<\/p>\n<figure class=\"wp-block-image size-large\"><img decoding=\"async\" class=\"wp-image-449559 lazyloaded\" src=\"https:\/\/www.redebrasilatual.com.br\/wp-content\/uploads\/2020\/10\/favela-1024x643.jpg\" sizes=\"(max-width: 1024px) 100vw, 1024px\" srcset=\"https:\/\/www.redebrasilatual.com.br\/wp-content\/uploads\/2020\/10\/favela-1024x643.jpg 1024w, https:\/\/www.redebrasilatual.com.br\/wp-content\/uploads\/2020\/10\/favela-360x226.jpg 360w, https:\/\/www.redebrasilatual.com.br\/wp-content\/uploads\/2020\/10\/favela-768x483.jpg 768w, https:\/\/www.redebrasilatual.com.br\/wp-content\/uploads\/2020\/10\/favela.jpg 1200w\" alt=\"Tomaz Silva\/Ag\u00eancia Brasil\" data-ll-status=\"loaded\" \/><figcaption><em>Desigualdade social e de outros tipos dificultam o combate \u00e0 pandemia<\/em><\/figcaption><\/figure>\n<p>Na sexta-feira (4), o porta-voz do secret\u00e1rio-geral da Organiza\u00e7\u00e3o das Na\u00e7\u00f5es Unidas (ONU), St\u00e9phane Dujarric,\u00a0<a href=\"https:\/\/www.un.org\/press\/en\/2021\/db210604.doc.htm\">anunciou que<\/a>\u00a0o Paraguai recebeu um terceiro lote de mais de 130 mil doses de vacinas na quinta (3) e a Col\u00f4mbia, no mesmo dia, 900 mil doses, ambos por meio do cons\u00f3rcio Covax-Facility. At\u00e9 agora, a Col\u00f4mbia recebeu mais de 3,2 milh\u00f5es de vacinas por meio do cons\u00f3rcio, cerca de 20% de seu total de vacinas.<\/p>\n<h2><strong>O papel da desinforma\u00e7\u00e3o<\/strong><\/h2>\n<p>Sobre a situa\u00e7\u00e3o da pandemia de covid-19 na Am\u00e9rica do Sul, o professor da Universidade de Cornell, nos Estados Unidos, e pesquisador na \u00e1rea de virologia qu\u00edmica Luis Schang afirma que um dos fatores importantes nas epidemias locais tem sido o comportamento das popula\u00e7\u00f5es, al\u00e9m das a\u00e7\u00f5es espec\u00edficas de governos. \u201cEm locais onde a amea\u00e7a foi devidamente identificada e avaliada e as pessoas reagiram de acordo, os surtos foram muito mais f\u00e1ceis de controlar e a mortalidade foi muito menor. Nos lugares onde a popula\u00e7\u00e3o local n\u00e3o conseguiu entender a magnitude do desafio e agir de acordo, os surtos foram muito piores e as consequ\u00eancias terr\u00edveis\u201d, afirma, em entrevista \u00e0\u00a0<strong>RBA<\/strong>.<\/p>\n<p>O pesquisador cita o exemplo da \u00cdndia, onde o v\u00edrus circulava em meio \u00e0 popula\u00e7\u00e3o em n\u00edveis baixos at\u00e9 o in\u00edcio de grandes com\u00edcios eleitorais e celebra\u00e7\u00f5es religiosas. \u201cAgora, n\u00e3o h\u00e1 d\u00favida de que tanto o governo quanto a imprensa t\u00eam um papel muito importante a desempenhar na educa\u00e7\u00e3o adequada da popula\u00e7\u00e3o sobre a gravidade do surto e as terr\u00edveis consequ\u00eancias de n\u00e3o control\u00e1-lo\u201d, ressalta. \u201cEm particular, um dos fatores cr\u00edticos \u00e9 comunicar a informa\u00e7\u00e3o real sem distorc\u00ea-la para se adequar a um objetivo pol\u00edtico ou ideologia. Isso \u00e9 complexo, pois as informa\u00e7\u00f5es v\u00e3o sendo coletadas \u00e0 medida que avan\u00e7amos e sempre est\u00e3o incompletas. Na minha opini\u00e3o pessoal, isso n\u00e3o aconteceu na Am\u00e9rica Latina.\u201d<\/p>\n<figure class=\"wp-block-image size-large\"><img decoding=\"async\" class=\"wp-image-411531 lazyloaded\" src=\"https:\/\/www.redebrasilatual.com.br\/wp-content\/uploads\/2020\/04\/whatsapp-1024x643.jpg\" sizes=\"(max-width: 1024px) 100vw, 1024px\" srcset=\"https:\/\/www.redebrasilatual.com.br\/wp-content\/uploads\/2020\/04\/whatsapp-1024x643.jpg 1024w, https:\/\/www.redebrasilatual.com.br\/wp-content\/uploads\/2020\/04\/whatsapp-360x226.jpg 360w, https:\/\/www.redebrasilatual.com.br\/wp-content\/uploads\/2020\/04\/whatsapp-768x483.jpg 768w, https:\/\/www.redebrasilatual.com.br\/wp-content\/uploads\/2020\/04\/whatsapp.jpg 1200w\" alt=\"Allan White\/ Fotos P\u00fablicas\" data-ll-status=\"loaded\" \/><figcaption><em>Whatsapp \u00e9 um dos principais difusores de desinforma\u00e7\u00e3o na pandemia de covid-19 no Brasil<\/em><\/figcaption><\/figure>\n<p>Para Schang, as m\u00eddias sociais foram usadas no continente latino-americano como uma fonte de \u201cinforma\u00e7\u00e3o\u201d com consequ\u00eancias \u201cextremamente prejudiciais\u201d. \u201cH\u00e1 muitas opini\u00f5es inflex\u00edveis, desinformadas ou mal informadas, circulando como informa\u00e7\u00e3o na Am\u00e9rica Latina, e poucas informa\u00e7\u00f5es factuais reais. Este grande problema de comunica\u00e7\u00e3o deixa os cidad\u00e3os confusos e incapazes de analisar as opini\u00f5es apresentadas, levando a uma confus\u00e3o geral\u201d, aponta. \u201cOs governos, em muitos casos, foram uma das fontes de desinforma\u00e7\u00e3o, mas tamb\u00e9m foram outros segmentos pol\u00edticos, rep\u00f3rteres, a imprensa em geral e at\u00e9 mesmo m\u00e9dicos, pesquisadores e muitos outros que deveriam ser fontes de informa\u00e7\u00f5es devidamente analisadas.\u201d<\/p>\n<p>Um\u00a0<a href=\"https:\/\/reutersinstitute.politics.ox.ac.uk\/ongoing-infodemic-how-people-eight-countries-access-news-and-information-about-coronavirus-year\">estudo comparativo realizado<\/a>\u00a0pelos pesquisadores Rasmus Kleis Nielsen, Anne Schulz e Richard Fletcher, do Instituto Reuters para Estudos do Jornalismo da Universidade de Oxford, relacionou dados de abril de 2020 e o mesmo m\u00eas de 2021, constatando que a porcentagem de pessoas que dizem confiar em organiza\u00e7\u00f5es de m\u00eddia caiu em sete dos oito pa\u00edses analisados, incluindo Brasil e Argentina.<\/p>\n<p>O relat\u00f3rio destaca que as desigualdades no acesso a not\u00edcias em torno da pandemia parecem alinhadas com desigualdades pr\u00e9-existentes, em torno de fatores como idade e educa\u00e7\u00e3o. No Brasil, os mecanismos de busca online s\u00e3o considerados mais confi\u00e1veis pelos entrevistados para not\u00edcias e informa\u00e7\u00f5es sobre o covid-19. O que tamb\u00e9m pode induzir a erros, j\u00e1 que a maioria dos sistemas de pesquisa na internet levam em conta a experi\u00eancia do usu\u00e1rio no dia a dia.<\/p>\n<p>Mas os potenciais grandes difusores de not\u00edcias falsas s\u00e3o as redes sociais. 40% dos entrevistados brasileiros dizem ter identificado\u00a0<em>fake news\u00a0<\/em>no Whatsapp na semana anterior ao contato com o estudo. \u201cA fonte em nossos dados que est\u00e1 mais consistentemente associada a uma maior cren\u00e7a de desinforma\u00e7\u00e3o \u00e9 depender de aplicativos de mensagens para obter informa\u00e7\u00f5es sobre o coronav\u00edrus. Em todos os pa\u00edses estudados (exceto na Coreia do Sul, onde as pessoas usam diferentes plataformas de mensagens), vemos que as pessoas que contam com aplicativos como o WhatsApp, ou rivais menores como o Telegram, para aprender sobre a pandemia t\u00eam mais probabilidade de acreditar em mais desinforma\u00e7\u00e3o relativa \u00e0 vacina\u00e7\u00e3o contra a covid-19\u201d, dizem os pesquisadores.<\/p>\n<p><strong>Fonte: Rede Brasil Atual<\/strong><\/p>\n","protected":false},"excerpt":{"rendered":"<p>Na ter\u00e7a-feira (1\u00ba), o diretor da Organiza\u00e7\u00e3o Mundial de Sa\u00fade (OMS) para situa\u00e7\u00f5es de emerg\u00eancia, Michael Ryan, disse estar preocupado com a situa\u00e7\u00e3o da covid-19 na Am\u00e9rica do Sul, apontando que 8 dos 10 pa\u00edses com maiores taxas de mortalidade pela doen\u00e7a nas \u00faltimas semanas est\u00e3o localizados nas Am\u00e9ricas. \u201cA transmiss\u00e3o da doen\u00e7a \u00e9 intensa, [&hellip;]<\/p>\n","protected":false},"author":2,"featured_media":11048,"comment_status":"","ping_status":"","sticky":false,"template":"","format":"standard","meta":{"footnotes":""},"categories":[3],"tags":[],"class_list":["post-11049","post","type-post","status-publish","format-standard","has-post-thumbnail","hentry","category-noticias"],"_links":{"self":[{"href":"https:\/\/hostnetart.com.br\/baixada\/wp-json\/wp\/v2\/posts\/11049","targetHints":{"allow":["GET"]}}],"collection":[{"href":"https:\/\/hostnetart.com.br\/baixada\/wp-json\/wp\/v2\/posts"}],"about":[{"href":"https:\/\/hostnetart.com.br\/baixada\/wp-json\/wp\/v2\/types\/post"}],"author":[{"embeddable":true,"href":"https:\/\/hostnetart.com.br\/baixada\/wp-json\/wp\/v2\/users\/2"}],"replies":[{"embeddable":true,"href":"https:\/\/hostnetart.com.br\/baixada\/wp-json\/wp\/v2\/comments?post=11049"}],"version-history":[{"count":0,"href":"https:\/\/hostnetart.com.br\/baixada\/wp-json\/wp\/v2\/posts\/11049\/revisions"}],"wp:featuredmedia":[{"embeddable":true,"href":"https:\/\/hostnetart.com.br\/baixada\/wp-json\/wp\/v2\/media\/11048"}],"wp:attachment":[{"href":"https:\/\/hostnetart.com.br\/baixada\/wp-json\/wp\/v2\/media?parent=11049"}],"wp:term":[{"taxonomy":"category","embeddable":true,"href":"https:\/\/hostnetart.com.br\/baixada\/wp-json\/wp\/v2\/categories?post=11049"},{"taxonomy":"post_tag","embeddable":true,"href":"https:\/\/hostnetart.com.br\/baixada\/wp-json\/wp\/v2\/tags?post=11049"}],"curies":[{"name":"wp","href":"https:\/\/api.w.org\/{rel}","templated":true}]}}