{"id":11047,"date":"2021-06-07T03:08:34","date_gmt":"2021-06-07T06:08:34","guid":{"rendered":"https:\/\/hostnetart.com.br\/baixada\/forum-mundial-debate-desafios-e-caminhos-para-a-juventude-trabalhadora\/"},"modified":"2021-06-07T03:08:34","modified_gmt":"2021-06-07T06:08:34","slug":"forum-mundial-debate-desafios-e-caminhos-para-a-juventude-trabalhadora","status":"publish","type":"post","link":"https:\/\/hostnetart.com.br\/baixada\/forum-mundial-debate-desafios-e-caminhos-para-a-juventude-trabalhadora\/","title":{"rendered":"F\u00f3rum Mundial debate desafios e caminhos para a juventude trabalhadora"},"content":{"rendered":"<p>Dos cerca de 50 milh\u00f5es de jovens brasileiros com idade de 15 a 29 anos, cerca de metade est\u00e1 desempregada. Na m\u00e9dia do pa\u00eds, a taxa dos nem-nem (nem trabalha e nem estuda) cresceu de 23,66% no \u00faltimo trimestre de 2019 para 29,33% no segundo trimestre do ano passado \u2013 recorde hist\u00f3rico, de acordo com estudo elaborado pelo Centro de Pol\u00edticas Sociais da FGV Social, bra\u00e7o da Funda\u00e7\u00e3o Get\u00falio Vargas \u2013 depois retrocedendo a 25,52% de outubro a dezembro de 2020.<\/p>\n<p>O estudo, feito entre o primeiro e o terceiro trimestres de 2020, revelou que o ganho m\u00e9dio de adolescentes inseridos no mercado de trabalho com idade entre 15 e 19 anos caiu 34% em rela\u00e7\u00e3o ao ano anterior. A faixa et\u00e1ria dos 20 aos 24 anos teve queda de 25% e, entre 25 a 29 anos, uma perda de 22%.<\/p>\n<p>Os mais novos foram os mais afetados pelo desemprego desde o in\u00edcio da pandemia do coronav\u00edrus: a taxa foi de 31% para jovens adultos e chegou a 53% entre adolescentes. O percentual relacionado \u00e0 for\u00e7a de trabalho em geral \u00e9 de 17%.<\/p>\n<p>No setor informal, que abriga 80% dos jovens trabalhadores no mundo, o impacto tamb\u00e9m foi sentido. Ao todo, o n\u00famero de jovens que n\u00e3o t\u00eam emprego, educa\u00e7\u00e3o ou treinamento, j\u00e1 somava 21% no in\u00edcio do ano passado e \u00e9 prov\u00e1vel que aumente em 2021, segundo o documento do F\u00f3rum Econ\u00f4mico Mundial \u201cGlobal Risks Report 2021\u201d (\u201cRelat\u00f3rio de riscos globais de 2021\u201d).<\/p>\n<p>Neste cen\u00e1rio preocupante e desafiador, 532 pessoas de 72 pa\u00edses e 162 sindicatos filiados a UNI Global Union participaram do F\u00f3rum Mundial de Juventude, realizado virtualmente na quinta-feira 3 e sexta-feira 4 de junho.<\/p>\n<p>\u201cCom o nome Jovenes de Pie \u2013 Youth Rise Up, o f\u00f3rum debateu quest\u00f5es importantes para a juventude trabalhadora de todo o mundo nos diversos pain\u00e9is tem\u00e1ticos apresentados, dentre eles sobre direitos humanos, sindicaliza\u00e7\u00e3o e a inseguran\u00e7a no mercado de trabalho, com aumento dos trabalhos informais\u201d, disse Lucimara Malaquias, presidenta da UNI Am\u00e9ricas Juventude e Coordenadora da Comiss\u00e3o de Organiza\u00e7\u00e3o dos Empregados (COE) do Santander.<\/p>\n<p>Karen Souza, dirigente sindical e banc\u00e1ria do Bradesco, ressaltou que o f\u00f3rum contribuiu para a organiza\u00e7\u00e3o contra os ataques e retrocessos que a classe trabalhadora vem enfrentando.<\/p>\n<p>\u201cA realiza\u00e7\u00e3o do f\u00f3rum permite que os sindicatos filiados \u00e0 Uni Global, sediada na Su\u00ed\u00e7a, troquem experi\u00eancias e tirem direcionamentos para a\u00e7\u00f5es a serem tomadas em defesa dos empregos e dos trabalhadores\u201d, explicou.<\/p>\n<p>O F\u00f3rum aprovou um plano de lutas para os pr\u00f3ximos quatros anos e os comit\u00eas regionais dever\u00e3o debater novas propostas e estrat\u00e9gias em breve.<\/p>\n<p>A UNI Global Union representa mais de 20 milh\u00f5es de trabalhadores em mais de 150 pa\u00edses e tem forte presen\u00e7a e atua\u00e7\u00e3o sindical no setor de servi\u00e7os. Organizada em regi\u00f5es e setores, busca contribuir para o fortalecimento internacional de categorias profissionais e de debates relevantes aos trabalhadores, dentre eles, o da Juventude.<\/p>\n<p><strong>Fonte:<\/strong>\u00a0<strong>SP Banc\u00e1rios<\/strong><\/p>\n","protected":false},"excerpt":{"rendered":"<p>Dos cerca de 50 milh\u00f5es de jovens brasileiros com idade de 15 a 29 anos, cerca de metade est\u00e1 desempregada. Na m\u00e9dia do pa\u00eds, a taxa dos nem-nem (nem trabalha e nem estuda) cresceu de 23,66% no \u00faltimo trimestre de 2019 para 29,33% no segundo trimestre do ano passado \u2013 recorde hist\u00f3rico, de acordo com [&hellip;]<\/p>\n","protected":false},"author":2,"featured_media":11046,"comment_status":"","ping_status":"","sticky":false,"template":"","format":"standard","meta":{"footnotes":""},"categories":[3],"tags":[],"class_list":["post-11047","post","type-post","status-publish","format-standard","has-post-thumbnail","hentry","category-noticias"],"_links":{"self":[{"href":"https:\/\/hostnetart.com.br\/baixada\/wp-json\/wp\/v2\/posts\/11047","targetHints":{"allow":["GET"]}}],"collection":[{"href":"https:\/\/hostnetart.com.br\/baixada\/wp-json\/wp\/v2\/posts"}],"about":[{"href":"https:\/\/hostnetart.com.br\/baixada\/wp-json\/wp\/v2\/types\/post"}],"author":[{"embeddable":true,"href":"https:\/\/hostnetart.com.br\/baixada\/wp-json\/wp\/v2\/users\/2"}],"replies":[{"embeddable":true,"href":"https:\/\/hostnetart.com.br\/baixada\/wp-json\/wp\/v2\/comments?post=11047"}],"version-history":[{"count":0,"href":"https:\/\/hostnetart.com.br\/baixada\/wp-json\/wp\/v2\/posts\/11047\/revisions"}],"wp:featuredmedia":[{"embeddable":true,"href":"https:\/\/hostnetart.com.br\/baixada\/wp-json\/wp\/v2\/media\/11046"}],"wp:attachment":[{"href":"https:\/\/hostnetart.com.br\/baixada\/wp-json\/wp\/v2\/media?parent=11047"}],"wp:term":[{"taxonomy":"category","embeddable":true,"href":"https:\/\/hostnetart.com.br\/baixada\/wp-json\/wp\/v2\/categories?post=11047"},{"taxonomy":"post_tag","embeddable":true,"href":"https:\/\/hostnetart.com.br\/baixada\/wp-json\/wp\/v2\/tags?post=11047"}],"curies":[{"name":"wp","href":"https:\/\/api.w.org\/{rel}","templated":true}]}}