{"id":11045,"date":"2021-06-07T03:07:28","date_gmt":"2021-06-07T06:07:28","guid":{"rendered":"https:\/\/hostnetart.com.br\/baixada\/secretario-de-combate-ao-racismo-da-contraf-cut-convoca-a-defesa-da-politica-de-cotas\/"},"modified":"2021-06-07T03:07:28","modified_gmt":"2021-06-07T06:07:28","slug":"secretario-de-combate-ao-racismo-da-contraf-cut-convoca-a-defesa-da-politica-de-cotas","status":"publish","type":"post","link":"https:\/\/hostnetart.com.br\/baixada\/secretario-de-combate-ao-racismo-da-contraf-cut-convoca-a-defesa-da-politica-de-cotas\/","title":{"rendered":"Secret\u00e1rio de Combate ao Racismo da Contraf-CUT convoca \u00e0 defesa da pol\u00edtica de cotas"},"content":{"rendered":"<p>O secret\u00e1rio de Combate ao Racismo da Confedera\u00e7\u00e3o Nacional dos Trabalhadores do Ramo Financeiro (Contraf-CUT), Almir Aguiar, defendeu a import\u00e2ncia da pol\u00edtica de cotas diante das amea\u00e7as do governo Bolsonaro e seus seguidores. Almir mostra a contradi\u00e7\u00e3o das posi\u00e7\u00f5es racistas da direita brasileira diante dos recentes pedidos p\u00fablicos de desculpas de governantes de pa\u00edses como a Fran\u00e7a, Alemanha e B\u00e9lgica pelos crimes cometidos contra os africanos durante o per\u00edodo colonial.<\/p>\n<p>\u201cChegamos ao ponto, na trag\u00e9dia nacional vivida em todos os aspectos do governo Bolsonaro, de que uma simples resposta \u00e0 d\u00edvida hist\u00f3rica com a popula\u00e7\u00e3o negra, como na pol\u00edtica de cotas, tornou-se um inc\u00f4modo para setores reacion\u00e1rios da pol\u00edtica e da sociedade brasileira, em especial para as classes dominantes, mas infelizmente, tamb\u00e9m para setores da classe m\u00e9dia e mesmo entre os mais os pobres, os pr\u00f3prios explorados\u201d, analisa Almir Aguiar, em artigo divulgado nas redes sociais.<\/p>\n<p><strong>Crimes coloniais<\/strong><\/p>\n<p>Para o dirigente da Contraf-CUT, o contraponto \u00e0 direita racista brasileira s\u00e3o posi\u00e7\u00f5es de reconhecimento de l\u00edderes e governos de pa\u00edses desenvolvidos dos crimes cometidos contra popula\u00e7\u00f5es africanas. \u201cO presidente franc\u00eas, Emmanuel Macron, disse no \u00faltimo dia 27 de maio que \u2018reconhece a responsabilidade da Fran\u00e7a pelo genoc\u00eddio de 1994 em Ruanda\u2019 e \u2018pelo sil\u00eancio de seu pa\u00eds na busca da verdade\u2019\u201d, destacou.<\/p>\n<p>Almir tamb\u00e9m lembrou o genoc\u00eddio cometido pelo governo da Alemanha entre 1904 a 1907 contra popula\u00e7\u00f5es da Nam\u00edbia, ent\u00e3o uma col\u00f4nia alem\u00e3. Ele lembra que, na ocasi\u00e3o, soldados alem\u00e3es mataram cerca de 100 mil pessoas. A Alemanha reconheceu o genoc\u00eddio em 28 de maio deste ano. \u201cO reconhecimento n\u00e3o ficou somente no discurso, mas tamb\u00e9m na pr\u00e1tica: o governo alem\u00e3o anunciou que pagar\u00e1 \u00e0 na\u00e7\u00e3o africana 1,1 bilh\u00e3o de euros, cerca de R$ 7 bilh\u00f5es para compensar os danos ao povo negro daquele pa\u00eds\u201d ressaltou o secret\u00e1rio da Contraf-CUT.<\/p>\n<p>Outro crime cometido pelas potencias coloniais europeias contra os africanos, tamb\u00e9m destacado por Almir Aguiar no artigo, foi a barb\u00e1rie cometida, entre 1885 e 1924, pelo reino da B\u00e9lgica contra a sua ent\u00e3o col\u00f4nia do Congo, atual Rep\u00fablica Democr\u00e1tica do Congo. Nesse per\u00edodo, estima-se que foram mortos cerca de 10 milh\u00f5es de congoleses, em nome da explora\u00e7\u00e3o de recursos naturais. No ano passado, a B\u00e9lgica tamb\u00e9m reconheceu o crime e pediu perd\u00e3o ao governo do Congo.<\/p>\n<p><strong>Brasil pioneiro<\/strong><\/p>\n<p>Almir Aguiar lembra que, apesar da amea\u00e7a \u00e0 pol\u00edtica de cotas do governo Bolsonaro, o Brasil foi o pioneiro no reconhecimento dos crimes cometidos contra os afrodescendentes. \u201cO ent\u00e3o presidente Lula se antecipou e foi o primeiro l\u00edder mundial a pedir as desculpas, em 2005, pela escravid\u00e3o de negros africanos no pa\u00eds\u201d, ressaltou o secret\u00e1rio, que tamb\u00e9m lembrou que o governo brasileiro na \u00e9poca perdoou US$ 436,7 milh\u00f5es em d\u00edvidas de pa\u00edses do continente africano.<\/p>\n<p>Para o secret\u00e1rio de Combate ao Racismo da Contraf-CUT, lembrar a hist\u00f3ria dos crimes cometidos contra os africanos e afrodescendentes n\u00e3o resolve o problema. \u201cN\u00e3o se trata apenas de d\u00edvida hist\u00f3rica. A explora\u00e7\u00e3o, a injusti\u00e7a, a desigualdade e o exterm\u00ednio est\u00e3o presentes nos dias atuais, em pleno s\u00e9culo XXI mantendo firme a vis\u00e3o que a Casa Grande tem da senzala\u201d, afirma Almir no texto.<\/p>\n<p>O secret\u00e1rio tamb\u00e9m defende o fortalecimento da luta contra o racismo \u201cnas ruas e nas redes sociais na defesa da vida, da igualdade de oportunidades, de avan\u00e7os mais do que compensat\u00f3rios para a popula\u00e7\u00e3o negra marginalizada\u201d. \u201cO momento \u00e9 agora. A hora \u00e9 j\u00e1. E esta luta precisa partir, primeiro, da pr\u00f3pria popula\u00e7\u00e3o negra, cujo reparo hist\u00f3rico \u00e9 fundamental para a emancipa\u00e7\u00e3o do povo brasileiro e um Brasil soberano\u201d, finaliza Almir Aguiar.<\/p>\n<p>Para ler a \u00edntegra do artigo, clique\u00a0<a href=\"https:\/\/rj.cut.org.br\/noticias\/a-reparacao-historica-a-populacao-negra-e-o-caminho-da-emancipacao-popular-dc78\">aqui<\/a>.<\/p>\n<p><span style=\"text-decoration: underline;\">Fonte: Contraf-CUT<\/span><\/p>\n","protected":false},"excerpt":{"rendered":"<p>O secret\u00e1rio de Combate ao Racismo da Confedera\u00e7\u00e3o Nacional dos Trabalhadores do Ramo Financeiro (Contraf-CUT), Almir Aguiar, defendeu a import\u00e2ncia da pol\u00edtica de cotas diante das amea\u00e7as do governo Bolsonaro e seus seguidores. Almir mostra a contradi\u00e7\u00e3o das posi\u00e7\u00f5es racistas da direita brasileira diante dos recentes pedidos p\u00fablicos de desculpas de governantes de pa\u00edses como [&hellip;]<\/p>\n","protected":false},"author":2,"featured_media":11044,"comment_status":"","ping_status":"","sticky":false,"template":"","format":"standard","meta":{"footnotes":""},"categories":[3],"tags":[],"class_list":["post-11045","post","type-post","status-publish","format-standard","has-post-thumbnail","hentry","category-noticias"],"_links":{"self":[{"href":"https:\/\/hostnetart.com.br\/baixada\/wp-json\/wp\/v2\/posts\/11045","targetHints":{"allow":["GET"]}}],"collection":[{"href":"https:\/\/hostnetart.com.br\/baixada\/wp-json\/wp\/v2\/posts"}],"about":[{"href":"https:\/\/hostnetart.com.br\/baixada\/wp-json\/wp\/v2\/types\/post"}],"author":[{"embeddable":true,"href":"https:\/\/hostnetart.com.br\/baixada\/wp-json\/wp\/v2\/users\/2"}],"replies":[{"embeddable":true,"href":"https:\/\/hostnetart.com.br\/baixada\/wp-json\/wp\/v2\/comments?post=11045"}],"version-history":[{"count":0,"href":"https:\/\/hostnetart.com.br\/baixada\/wp-json\/wp\/v2\/posts\/11045\/revisions"}],"wp:featuredmedia":[{"embeddable":true,"href":"https:\/\/hostnetart.com.br\/baixada\/wp-json\/wp\/v2\/media\/11044"}],"wp:attachment":[{"href":"https:\/\/hostnetart.com.br\/baixada\/wp-json\/wp\/v2\/media?parent=11045"}],"wp:term":[{"taxonomy":"category","embeddable":true,"href":"https:\/\/hostnetart.com.br\/baixada\/wp-json\/wp\/v2\/categories?post=11045"},{"taxonomy":"post_tag","embeddable":true,"href":"https:\/\/hostnetart.com.br\/baixada\/wp-json\/wp\/v2\/tags?post=11045"}],"curies":[{"name":"wp","href":"https:\/\/api.w.org\/{rel}","templated":true}]}}