{"id":11043,"date":"2021-06-04T12:50:18","date_gmt":"2021-06-04T15:50:18","guid":{"rendered":"https:\/\/hostnetart.com.br\/baixada\/reuniao-da-cee-caixa-discute-acoes-em-defesa-dos-direitos-dos-empregados\/"},"modified":"2021-06-04T12:50:18","modified_gmt":"2021-06-04T15:50:18","slug":"reuniao-da-cee-caixa-discute-acoes-em-defesa-dos-direitos-dos-empregados","status":"publish","type":"post","link":"https:\/\/hostnetart.com.br\/baixada\/reuniao-da-cee-caixa-discute-acoes-em-defesa-dos-direitos-dos-empregados\/","title":{"rendered":"Reuni\u00e3o da CEE\/Caixa discute a\u00e7\u00f5es em defesa dos direitos dos empregados"},"content":{"rendered":"<p>A Comiss\u00e3o Executiva dos Empregados da Caixa (CEE\/Caixa) se reuniu na ter\u00e7a-feira (1) para discutir a organiza\u00e7\u00e3o do Congresso Nacional dos Empregados da Caixa Econ\u00f4mica Federal (Conecef), que ser\u00e1 no dia 7 de agosto. Os temas que devem ser a base do debate no Congresso ser\u00e3o Sa\u00fade Caixa, Funcef e defesa da Caixa p\u00fablica e dos direitos dos trabalhadores.\u00a0<br \/>\u00a0<br \/>A Comiss\u00e3o tamb\u00e9m discutiu alguns pontos sobre a atualiza\u00e7\u00e3o dos protocolos de preven\u00e7\u00e3o contra a Covid-19, que ser\u00e1 levada \u00e0 mesa de negocia\u00e7\u00e3o com a Caixa, prevista para acontecer na pr\u00f3xima semana. A Caixa ainda segue o protocolo de julho de 2020. \u201cVamos discutir as falhas que existem nos protocolos e propor alternativas para proteger melhor os colegas. J\u00e1 temos muitos colegas adoecendo e o sistema de sa\u00fade continua ca\u00f3tico. E todos os especialistas s\u00e3o un\u00e2nimes em dizer que vai acontecer uma terceira onda\u201d, disse a coordenadora da Comiss\u00e3o, Fabiana Proscholdt.\u00a0<br \/>\u00a0<br \/>No dia 24 de maio, a Federa\u00e7\u00e3o Nacional dos Bancos (Fenaban) apresentou para o Comando Nacional dos Banc\u00e1rios uma proposta de protocolo de seguran\u00e7a unificado para orientar a preven\u00e7\u00e3o contra a doen\u00e7a. No encontro, o Comando cobrou mais uma vez que os bancos pressionem o governo federal para incluir a categoria banc\u00e1ria no Plano Nacional de Imuniza\u00e7\u00e3o (PNI).\u00a0<br \/>\u00a0<br \/>Na \u00faltima sexta-feira (28), a Confedera\u00e7\u00e3o Nacional dos Trabalhadores do Ramo Financeiro (Contraf-CUT) enviou um of\u00edcio ao presidente da Caixa, Pedro Guimar\u00e3es, para reivindicar uma atua\u00e7\u00e3o junto ao Governo federal, ao Congresso Nacional e ao Minist\u00e9rio da Sa\u00fade para garantir os banc\u00e1rios como grupo priorit\u00e1rio no Plano Nacional de Imuniza\u00e7\u00e3o (PNI) contra a Covid-19. Em reuni\u00e3o com a Confedera\u00e7\u00e3o, o novo presidente do Banco do Brasil, Fausto Ribeiro, sinalizou positivamente sobre a reivindica\u00e7\u00e3o.\u00a0<br \/>\u00a0<br \/>O refor\u00e7o nos protocolos de preven\u00e7\u00e3o e a inclus\u00e3o dos banc\u00e1rios como grupo priorit\u00e1rio \u00e9 uma defesa da Fenae desde o in\u00edcio da vacina\u00e7\u00e3o no pa\u00eds, em janeiro. A Federa\u00e7\u00e3o enviou of\u00edcios ao Minist\u00e9rio da Sa\u00fade com esta solicita\u00e7\u00e3o e tamb\u00e9m articula a\u00e7\u00f5es com parlamentares para apresenta\u00e7\u00e3o de projetos neste sentido. \u201cDesde o in\u00edcio da pandemia n\u00f3s cobramos a ado\u00e7\u00e3o dos protocolos, dos equipamentos de seguran\u00e7a e, desde janeiro, solicitamos a inclus\u00e3o da categoria no grupo priorit\u00e1rio. Se s\u00e3o considerados trabalhadores essenciais, devem ter prioridade na vacina\u00e7\u00e3o. \u00c9 uma quest\u00e3o de justi\u00e7a e prote\u00e7\u00e3o n\u00e3o s\u00f3 dos empregados, mas da popula\u00e7\u00e3o que se exp\u00f5e nas filas das ag\u00eancias\u201d, enfatizou Sergio Takemoto, presidente da Federa\u00e7\u00e3o.\u00a0<br \/>\u00a0<br \/>Os integrantes da CEE\/Caixa tamb\u00e9m conversaram sobre o ingresso de a\u00e7\u00f5es judiciais contra a Caixa para o cumprimento dos direitos dos empregados.\u00a0<br \/>\u00a0<br \/><strong>Sa\u00fade Caixa &#8211;<\/strong>\u00a0O grupo conversou sobre o andamento do Grupo de Trabalho Sa\u00fade Caixa, que estuda um formato de custeio e gest\u00e3o do Sa\u00fade Caixa para 2022. A empresa atuarial contratada pelo GT est\u00e1 avaliando o relat\u00f3rio do plano de sa\u00fade fornecido pela Caixa. O grupo definiu a realiza\u00e7\u00e3o de uma campanha nacional de mobiliza\u00e7\u00e3o dos usu\u00e1rios do plano. \u201cVamos ampliar os estudos, socializar as informa\u00e7\u00f5es com os empregados para uma grande mobiliza\u00e7\u00e3o. \u00c9 importante que cada usu\u00e1rio conhe\u00e7a e participe desse debate\u201d, destacou a coordenadora da CEE\/Caixa.\u00a0<br \/>\u00a0<br \/>Albucacis de Castro Pereira, m\u00e9dico consultor da CEE\/ Caixa e da Federa\u00e7\u00e3o Nacional das Associa\u00e7\u00f5es do Pessoal da Caixa Econ\u00f4mica Federal (Fenae), ressaltou que o Sa\u00fade Caixa \u00e9 um plano refer\u00eancia, com procedimentos que v\u00e3o al\u00e9m do previsto pela Ag\u00eancia Nacional de Sa\u00fade Suplementar (ANS).\u00a0<br \/>\u00a0<br \/>\u201cO melhor benef\u00edcio que uma empresa pode oferecer para o trabalhador \u00e9 dar assist\u00eancia \u00e0 sa\u00fade. E o Sa\u00fade Caixa foi crescendo e melhorando ao longo dos anos, fruto de muita mobiliza\u00e7\u00e3o. E \u00e9 preciso, novamente, a mobiliza\u00e7\u00e3o de todos para que se mantenha o modelo de custeio e os princ\u00edpios b\u00e1sicos do plano, como o mutualismo, o pacto intergeracional e a solidariedade\u201d, avaliou.<\/p>\n<p><span style=\"text-decoration: underline;\"><strong>Fonte: Fenae<\/strong><\/span><\/p>\n","protected":false},"excerpt":{"rendered":"<p>A Comiss\u00e3o Executiva dos Empregados da Caixa (CEE\/Caixa) se reuniu na ter\u00e7a-feira (1) para discutir a organiza\u00e7\u00e3o do Congresso Nacional dos Empregados da Caixa Econ\u00f4mica Federal (Conecef), que ser\u00e1 no dia 7 de agosto. Os temas que devem ser a base do debate no Congresso ser\u00e3o Sa\u00fade Caixa, Funcef e defesa da Caixa p\u00fablica e [&hellip;]<\/p>\n","protected":false},"author":2,"featured_media":11042,"comment_status":"","ping_status":"","sticky":false,"template":"","format":"standard","meta":{"footnotes":""},"categories":[3],"tags":[],"class_list":["post-11043","post","type-post","status-publish","format-standard","has-post-thumbnail","hentry","category-noticias"],"_links":{"self":[{"href":"https:\/\/hostnetart.com.br\/baixada\/wp-json\/wp\/v2\/posts\/11043","targetHints":{"allow":["GET"]}}],"collection":[{"href":"https:\/\/hostnetart.com.br\/baixada\/wp-json\/wp\/v2\/posts"}],"about":[{"href":"https:\/\/hostnetart.com.br\/baixada\/wp-json\/wp\/v2\/types\/post"}],"author":[{"embeddable":true,"href":"https:\/\/hostnetart.com.br\/baixada\/wp-json\/wp\/v2\/users\/2"}],"replies":[{"embeddable":true,"href":"https:\/\/hostnetart.com.br\/baixada\/wp-json\/wp\/v2\/comments?post=11043"}],"version-history":[{"count":0,"href":"https:\/\/hostnetart.com.br\/baixada\/wp-json\/wp\/v2\/posts\/11043\/revisions"}],"wp:featuredmedia":[{"embeddable":true,"href":"https:\/\/hostnetart.com.br\/baixada\/wp-json\/wp\/v2\/media\/11042"}],"wp:attachment":[{"href":"https:\/\/hostnetart.com.br\/baixada\/wp-json\/wp\/v2\/media?parent=11043"}],"wp:term":[{"taxonomy":"category","embeddable":true,"href":"https:\/\/hostnetart.com.br\/baixada\/wp-json\/wp\/v2\/categories?post=11043"},{"taxonomy":"post_tag","embeddable":true,"href":"https:\/\/hostnetart.com.br\/baixada\/wp-json\/wp\/v2\/tags?post=11043"}],"curies":[{"name":"wp","href":"https:\/\/api.w.org\/{rel}","templated":true}]}}