{"id":11041,"date":"2021-06-04T12:20:30","date_gmt":"2021-06-04T15:20:30","guid":{"rendered":"https:\/\/hostnetart.com.br\/baixada\/oit-alerta-para-a-situacao-do-desemprego-no-mundo\/"},"modified":"2021-06-04T12:20:30","modified_gmt":"2021-06-04T15:20:30","slug":"oit-alerta-para-a-situacao-do-desemprego-no-mundo","status":"publish","type":"post","link":"https:\/\/hostnetart.com.br\/baixada\/oit-alerta-para-a-situacao-do-desemprego-no-mundo\/","title":{"rendered":"OIT alerta para a situa\u00e7\u00e3o do desemprego no mundo"},"content":{"rendered":"<p>A Organiza\u00e7\u00e3o Internacional do Trabalho (OIT) aponta que os impactos da pandemia de covid-19 colocaram 108 milh\u00f5es de trabalhadores na pobreza no mundo inteiro e a recupera\u00e7\u00e3o do n\u00edvel de emprego no patamar anterior ao da crise sanit\u00e1ria deve acontecer somente em 2023. Com a redu\u00e7\u00e3o de postos de trabalho, o\u00a0<a href=\"https:\/\/www.rfi.fr\/br\/economia\/20210602-emprego-no-mundo-s%C3%B3-deve-voltar-a-n%C3%ADvel-pr%C3%A9-pandemia-em-2023-de-acordo-com-a-oit\" target=\"_blank\" rel=\"noopener noreferrer\">relat\u00f3rio da entidade<\/a>\u00a0estima que o desemprego deve atingir 220 milh\u00f5es de pessoas ainda neste ano.<\/p>\n<p>Na estimativa da OIT, em 2022, 205 milh\u00f5es de pessoas estar\u00e3o desempregadas em todo o mundo, acima dos 187 milh\u00f5es nesta situa\u00e7\u00e3o em 2019. O diretor t\u00e9cnico do Dieese, Fausto Augusto Junior, lembra que, para promover a\u00a0<a href=\"https:\/\/www.redebrasilatual.com.br\/trabalho\/2021\/05\/emprego-renda-pandemia-pesquisa\/\" target=\"_blank\" rel=\"noopener noreferrer\">recupera\u00e7\u00e3o dos postos de trabalho<\/a>, \u00e9 necess\u00e1rio que o crescimento econ\u00f4mico seja retomado primeiro. Por outro lado, destaca tamb\u00e9m que a pandemia acentuou os problemas de desigualdade e os pa\u00edses que n\u00e3o controlaram a pandemia de covid-19 v\u00e3o sofrer ainda mais.<\/p>\n<p>\u201cNo Brasil, o emprego n\u00e3o \u00e9 a prioridade do atual governo, tanto \u00e9 que n\u00e3o est\u00e1 no centro do debate econ\u00f4mico. O governo federal acredita que o mercado vai solucionar o problema sozinho. A tese deles \u00e9 de que basta crescer para gerar empregos\u201d, criticou, em entrevista a Glauco Faria, no\u00a0<strong>Jornal Brasil Atual.<\/strong><\/p>\n<p>A OIT alerta que, sem esfor\u00e7o para criar empregos decentes, os efeitos da pandemia podem durar anos. \u201cPara lidar com o desemprego \u00e9 preciso uma pol\u00edtica de desenvolvimento, com medidas que ampliem a produ\u00e7\u00e3o e a gera\u00e7\u00e3o de empregos, ajudando as \u00e1reas que mais absorvem m\u00e3o de obra. Por conta das escolhas do atual ministro Paulo Guedes, vamos ao sabor do vento\u201d, afirmou Fausto.<\/p>\n<h2><span style=\"text-decoration: underline;\">Desemprego entre mulheres e jovens<\/span><\/h2>\n<p>O relat\u00f3rio da OIT tamb\u00e9m apresenta um recorte por g\u00eanero, que identifica as mulheres como um dos segmentos mais prejudicados. No ano passado, a contra\u00e7\u00e3o do emprego feminino foi de 5%. Para os homens, a retra\u00e7\u00e3o foi de 3,9%. No levantamento por idade, o desemprego pesou mais para os jovens. A queda foi de 8,7%, enquanto a retra\u00e7\u00e3o m\u00e9dia foi de 3,7%.<\/p>\n<p>De acordo com o diretor t\u00e9cnico do Dieese, com a nova estrutura\u00e7\u00e3o do mercado, a quest\u00e3o do g\u00eanero precisa de mais aten\u00e7\u00e3o por parte do poder p\u00fablico. \u201d H\u00e1 uma desigualdade estrutural no Brasil, que passa por uma l\u00f3gica de discrimina\u00e7\u00e3o de g\u00eanero. As mulheres j\u00e1 t\u00eam uma remunera\u00e7\u00e3o mais baixa e enfrentam de forma mais grave o desemprego. E os jovens ingressam de maneira prec\u00e1ria no mercado de trabalho, com baixa renda\u201d, analisou.<\/p>\n<p><strong>Fonte: Rede Brasil Atual<\/strong><\/p>\n","protected":false},"excerpt":{"rendered":"<p>A Organiza\u00e7\u00e3o Internacional do Trabalho (OIT) aponta que os impactos da pandemia de covid-19 colocaram 108 milh\u00f5es de trabalhadores na pobreza no mundo inteiro e a recupera\u00e7\u00e3o do n\u00edvel de emprego no patamar anterior ao da crise sanit\u00e1ria deve acontecer somente em 2023. Com a redu\u00e7\u00e3o de postos de trabalho, o\u00a0relat\u00f3rio da entidade\u00a0estima que o [&hellip;]<\/p>\n","protected":false},"author":2,"featured_media":11040,"comment_status":"","ping_status":"","sticky":false,"template":"","format":"standard","meta":{"footnotes":""},"categories":[3],"tags":[],"class_list":["post-11041","post","type-post","status-publish","format-standard","has-post-thumbnail","hentry","category-noticias"],"_links":{"self":[{"href":"https:\/\/hostnetart.com.br\/baixada\/wp-json\/wp\/v2\/posts\/11041","targetHints":{"allow":["GET"]}}],"collection":[{"href":"https:\/\/hostnetart.com.br\/baixada\/wp-json\/wp\/v2\/posts"}],"about":[{"href":"https:\/\/hostnetart.com.br\/baixada\/wp-json\/wp\/v2\/types\/post"}],"author":[{"embeddable":true,"href":"https:\/\/hostnetart.com.br\/baixada\/wp-json\/wp\/v2\/users\/2"}],"replies":[{"embeddable":true,"href":"https:\/\/hostnetart.com.br\/baixada\/wp-json\/wp\/v2\/comments?post=11041"}],"version-history":[{"count":0,"href":"https:\/\/hostnetart.com.br\/baixada\/wp-json\/wp\/v2\/posts\/11041\/revisions"}],"wp:featuredmedia":[{"embeddable":true,"href":"https:\/\/hostnetart.com.br\/baixada\/wp-json\/wp\/v2\/media\/11040"}],"wp:attachment":[{"href":"https:\/\/hostnetart.com.br\/baixada\/wp-json\/wp\/v2\/media?parent=11041"}],"wp:term":[{"taxonomy":"category","embeddable":true,"href":"https:\/\/hostnetart.com.br\/baixada\/wp-json\/wp\/v2\/categories?post=11041"},{"taxonomy":"post_tag","embeddable":true,"href":"https:\/\/hostnetart.com.br\/baixada\/wp-json\/wp\/v2\/tags?post=11041"}],"curies":[{"name":"wp","href":"https:\/\/api.w.org\/{rel}","templated":true}]}}