{"id":11039,"date":"2021-06-02T18:35:03","date_gmt":"2021-06-02T21:35:03","guid":{"rendered":"https:\/\/hostnetart.com.br\/baixada\/exclusao-digital-prejudicou-acesso-de-mais-pobres-ao-auxilio-emergencial\/"},"modified":"2021-06-02T18:35:03","modified_gmt":"2021-06-02T21:35:03","slug":"exclusao-digital-prejudicou-acesso-de-mais-pobres-ao-auxilio-emergencial","status":"publish","type":"post","link":"https:\/\/hostnetart.com.br\/baixada\/exclusao-digital-prejudicou-acesso-de-mais-pobres-ao-auxilio-emergencial\/","title":{"rendered":"Exclus\u00e3o digital prejudicou acesso de mais pobres ao aux\u00edlio emergencial"},"content":{"rendered":"<p>A dificuldade de acesso a celular e internet dificultou \u00e0 popula\u00e7\u00e3o mais pobre realizar o cadastro do aux\u00edlio emergencial, de acordo com estudo da Funda\u00e7\u00e3o Get\u00falio Vargas (FGV). O\u00a0<a href=\"https:\/\/portal.fgv.br\/noticias\/centro-politicas-sociais-lanca-pesquisa-mapa-inclusao-digital\" target=\"_blank\" rel=\"noopener noreferrer\">levantamento\u00a0<\/a>do Centro de Estudos de Microfinan\u00e7as e Inclus\u00e3o Financeira da FGV, aponta que a exclus\u00e3o digital atingiu boa parte das classes D e E.<\/p>\n<p>Segundo o estudo, 20% dos entrevistados, que comp\u00f5em a faixa mais pobre da popula\u00e7\u00e3o, n\u00e3o tinham o celular para\u00a0<a href=\"https:\/\/www.redebrasilatual.com.br\/blogs\/blog-na-rede\/2021\/04\/previdencia-e-auxilio-emergencial-revelam-importancia-do-estado-na-pandemia\/\" target=\"_blank\" rel=\"noopener noreferrer\">pedir o benef\u00edcio<\/a>, enquanto outros 22% alegaram falta de acesso \u00e0 internet. O levantamento usou como base o painel TIC Covid-19 do Centro Regional de Estudos para o Desenvolvimento da Sociedade da Informa\u00e7\u00e3o (Cetic.br).<\/p>\n<p>\u201cA tecnologia pode estar acess\u00edvel, mas precisa ser utilizada para se transforme no bem-estar e consiga concretamente representar alguma coisa, como nesse caso, ajudar na obten\u00e7\u00e3o do aux\u00edlio. As pessoas ainda t\u00eam dificuldade de baixar aplicativos em geral, mas boa parte apontou dificuldade especificamente em baixar o aplicativo da Caixa\u201d, explicou Lauro Gonzales, coordenador do Centro de Estudos da FGV, ao rep\u00f3rter Kaique Santos, da\u00a0<strong>TVT<\/strong>.<\/p>\n<figure class=\"wp-block-embed-youtube wp-block-embed is-type-video is-provider-youtube wp-embed-aspect-16-9 wp-has-aspect-ratio\"><\/figure>\n<p>Os chamados exclu\u00eddos digitais, que mais precisam do aux\u00edlio emergencial, deixaram de receber parcelas de R$ 600 ou R$ 1200. A falta de acesso a um celular \u00e9 um motivo que afetou 20% dos usu\u00e1rios das classes D e E na compara\u00e7\u00e3o com o total de pessoas que n\u00e3o conseguiram receber o aux\u00edlio, que somam 7%.<\/p>\n<p>Fl\u00e1via Lefr\u00e8ve, integrante da Coaliz\u00e3o Direitos na Rede, do\u00a0<a href=\"https:\/\/intervozes.org.br\/\" target=\"_blank\" rel=\"noopener noreferrer\">coletivo Intervozes<\/a>, aponta que o\u00a0<a href=\"https:\/\/www.redebrasilatual.com.br\/cidadania\/2021\/04\/exclusao-digital-no-brasil-se-agravou-durante-a-pandemia\/\" target=\"_blank\" rel=\"noopener noreferrer\">isolamento social foi determinando<\/a>\u00a0para afastar mais as pessoas do acesso \u00e0 internet. \u201cMuita gente das classes C, D e E usavam bastante a internet dos seus locais de trabalho, das pra\u00e7as p\u00fablicas e esse acesso ficou restrito durante a pandemia\u201d, afirmou.<\/p>\n<h2><span style=\"text-decoration: underline;\">Exclus\u00e3o digital<\/span><\/h2>\n<p>O Congresso rejeitou,\u00a0<a href=\"https:\/\/www.redebrasilatual.com.br\/educacao\/2021\/06\/congresso-derruba-veto-bolsonaro-internet-educacao\/\" target=\"_blank\" rel=\"noopener noreferrer\">na \u00faltima ter\u00e7a-feira (1\u00ba)<\/a>, o veto do presidente Jair Bolsonaro no projeto de lei 3477\/2020, que prev\u00ea oferecer internet gratuita para alunos e professores da rede p\u00fablica. Na vota\u00e7\u00e3o no Senado, foram 69 votos favor\u00e1veis \u00e0 derrubada do veto. Na C\u00e2mara dos Deputados, foram 419 a favor e 14 contra.<\/p>\n<p>A proposta prev\u00ea o repasse de R$ 3,5 bilh\u00f5es do Fundo de Universaliza\u00e7\u00e3o dos Servi\u00e7os de Telecomunica\u00e7\u00f5es aos estados e munic\u00edpios para levar\u00a0<a href=\"https:\/\/www.redebrasilatual.com.br\/educacao\/2020\/05\/aula-a-distancia-ameaca-direito-a-educacao-e-aprendizagem\/\" target=\"_blank\" rel=\"noopener noreferrer\">internet aos professores e estudantes<\/a>\u00a0da rede p\u00fablica. Entretanto, no \u00faltimo m\u00eas de mar\u00e7o, Bolsonaro vetou, alegando que a proposta n\u00e3o apresentava \u201ca estimativa do respectivo impacto or\u00e7ament\u00e1rio e financeiro\u201d.<\/p>\n<p>O governo federal prev\u00ea digitalizar o acesso ao Bolsa Fam\u00edlia e, de acordo com Lauro Gonzales, o projeto de Bolsonaro aumentar mais a exclus\u00e3o digital entre a popula\u00e7\u00e3o pobre. \u201cO uso da tecnologia sobretudo tem nuances e obst\u00e1culos importantes, quando a gente considera a realidade da baixa renda. Existe uma discuss\u00e3o, hoje, no governo, de digitaliza\u00e7\u00e3o de programas de transfer\u00eancia de renda inclusive do Bolsa Fam\u00edlia. E esses mesmos obst\u00e1culos do aux\u00edlio emergencial v\u00e3o se aplicar tamb\u00e9m \u00e0 realidade do Bolsa Fam\u00edlia, pois estamos falando do mesmo p\u00fablico\u201d, alertou.<\/p>\n<p>Os especialistas defendem que \u00e9 preciso combater as restri\u00e7\u00f5es b\u00e1sicas, que os mais pobres enfrentam, para que eles n\u00e3o sejam ainda mais prejudicados. \u201c\u00c9 importante que o pessoal dos Minist\u00e9rios do Planejamento, da Economia e das Comunica\u00e7\u00f5es se re\u00fanam e em enfrentem as dificuldades que boa parte brasileiros sofrem. Estamos diante de uma fossa digital enorme que torna ainda mais vulner\u00e1vel a situa\u00e7\u00e3o dessas pessoas\u201d, acrescentou Fl\u00e1via Lefr\u00e8ve.<\/p>\n<p><strong>Fonte: Rede Brasil Atual<\/strong><\/p>\n","protected":false},"excerpt":{"rendered":"<p>A dificuldade de acesso a celular e internet dificultou \u00e0 popula\u00e7\u00e3o mais pobre realizar o cadastro do aux\u00edlio emergencial, de acordo com estudo da Funda\u00e7\u00e3o Get\u00falio Vargas (FGV). O\u00a0levantamento\u00a0do Centro de Estudos de Microfinan\u00e7as e Inclus\u00e3o Financeira da FGV, aponta que a exclus\u00e3o digital atingiu boa parte das classes D e E. Segundo o estudo, [&hellip;]<\/p>\n","protected":false},"author":2,"featured_media":11038,"comment_status":"","ping_status":"","sticky":false,"template":"","format":"standard","meta":{"footnotes":""},"categories":[3],"tags":[],"class_list":["post-11039","post","type-post","status-publish","format-standard","has-post-thumbnail","hentry","category-noticias"],"_links":{"self":[{"href":"https:\/\/hostnetart.com.br\/baixada\/wp-json\/wp\/v2\/posts\/11039","targetHints":{"allow":["GET"]}}],"collection":[{"href":"https:\/\/hostnetart.com.br\/baixada\/wp-json\/wp\/v2\/posts"}],"about":[{"href":"https:\/\/hostnetart.com.br\/baixada\/wp-json\/wp\/v2\/types\/post"}],"author":[{"embeddable":true,"href":"https:\/\/hostnetart.com.br\/baixada\/wp-json\/wp\/v2\/users\/2"}],"replies":[{"embeddable":true,"href":"https:\/\/hostnetart.com.br\/baixada\/wp-json\/wp\/v2\/comments?post=11039"}],"version-history":[{"count":0,"href":"https:\/\/hostnetart.com.br\/baixada\/wp-json\/wp\/v2\/posts\/11039\/revisions"}],"wp:featuredmedia":[{"embeddable":true,"href":"https:\/\/hostnetart.com.br\/baixada\/wp-json\/wp\/v2\/media\/11038"}],"wp:attachment":[{"href":"https:\/\/hostnetart.com.br\/baixada\/wp-json\/wp\/v2\/media?parent=11039"}],"wp:term":[{"taxonomy":"category","embeddable":true,"href":"https:\/\/hostnetart.com.br\/baixada\/wp-json\/wp\/v2\/categories?post=11039"},{"taxonomy":"post_tag","embeddable":true,"href":"https:\/\/hostnetart.com.br\/baixada\/wp-json\/wp\/v2\/tags?post=11039"}],"curies":[{"name":"wp","href":"https:\/\/api.w.org\/{rel}","templated":true}]}}