{"id":11037,"date":"2021-06-02T18:22:39","date_gmt":"2021-06-02T21:22:39","guid":{"rendered":"https:\/\/hostnetart.com.br\/baixada\/contraf-cut-reivindica-novamente-inclusao-dos-bancarios-no-pni-ao-ministerio-da-saude\/"},"modified":"2021-06-02T18:22:39","modified_gmt":"2021-06-02T21:22:39","slug":"contraf-cut-reivindica-novamente-inclusao-dos-bancarios-no-pni-ao-ministerio-da-saude","status":"publish","type":"post","link":"https:\/\/hostnetart.com.br\/baixada\/contraf-cut-reivindica-novamente-inclusao-dos-bancarios-no-pni-ao-ministerio-da-saude\/","title":{"rendered":"Contraf-CUT reivindica novamente inclus\u00e3o dos banc\u00e1rios no PNI ao Minist\u00e9rio da Sa\u00fade"},"content":{"rendered":"<p>A Confedera\u00e7\u00e3o Nacional dos Trabalhadores do Ramo Financeiro (Contraf-CUT) enviou um\u00a0<a href=\"https:\/\/contrafcut.com.br\/wp-content\/uploads\/2021\/06\/of12521-ratificacao-de-solicitacao-de-incl.pdf\" target=\"_blank\" rel=\"noopener noreferrer\">of\u00edcio na tarde desta quarta-feira (2)\u00a0<\/a>para solicitar inclus\u00e3o da categoria banc\u00e1ria no Plano Nacional de Imuniza\u00e7\u00e3o (PNI) contra a Covid-19 e o agendamento de reuni\u00e3o, em formato eletr\u00f4nico, para tratar do assunto e apresentar os dados do setor e da categoria.<\/p>\n<p>O texto lembra que no\u00a0<a href=\"https:\/\/contrafcut.com.br\/noticias\/contraf-cut-pede-inclusao-dos-bancarios-no-plano-nacional-de-imunizacao-pni\/\" target=\"_blank\" rel=\"noopener noreferrer\">of\u00edcio enviado no dia 13 de mar\u00e7o<\/a>\u00a0j\u00e1 havia sido destacado que a atividade banc\u00e1ria \u00e9 considerada essencial desde o dia 20 de mar\u00e7o de 2020, por decreto federal. \u201cA Inclus\u00e3o dos banc\u00e1rios na lista de prioridades se imp\u00f5e diante da realidade. Fomos catalogados como categoria essencial, que est\u00e1 na linha de frente do atendimento da popula\u00e7\u00e3o e com alto \u00edndice de transmissibilidade e cont\u00e1gio. Os dados mostram isso. Defendemos tecnicamente que esta deve ser a abordagem por parte das autoridades sanit\u00e1rias\u201d, afirmou Mauro Salles, secret\u00e1rio de Sa\u00fade da Contraf-CUT.<\/p>\n<p>O documento ressalta ainda que a categoria banc\u00e1ria registrou um crescente n\u00famero de encerramento de contratos de trabalho por morte, seguindo uma tend\u00eancia similar dos casos de \u00f3bitos desde o in\u00edcio da pandemia do novo coronav\u00edrus. \u201cNo primeiro trimestre de 2020, per\u00edodo com impacto quase nulo da pandemia do novo coronav\u00edrus, a m\u00e9dia mensal de \u00f3bitos foi de 18,33 vidas. J\u00e1 nos \u00faltimos tr\u00eas meses, fevereiro a abril de 2021, quando ocorreu a segunda onda da pandemia no pa\u00eds, a m\u00e9dia mensal de \u00f3bitos se elevou para 52 vidas, crescimento de 183,6%\u201d, diz um trecho do documento.<\/p>\n<h3>Nota t\u00e9cnica<\/h3>\n<p>O Comando Nacional dos Banc\u00e1rios orienta os sindicatos e federa\u00e7\u00f5es de todo o pa\u00eds a procurarem as C\u00e2maras Municipais e as Assembleias Legislativas para pressionar os parlamentares a inclu\u00edrem os banc\u00e1rios nas listas de prioridades de vacina\u00e7\u00e3o municipais e estaduais. A Contraf-CUT tamb\u00e9m encaminhar\u00e1 of\u00edcio para as casas. A orienta\u00e7\u00e3o \u00e9 baseada na nota t\u00e9cnica divulgada pelo Minist\u00e9rio da Sa\u00fade na \u00faltima sexta-feira (28). Leia\u00a0<a href=\"https:\/\/contrafcut.com.br\/wp-content\/uploads\/2021\/06\/sei-ms-0020807492-nota-tecnica-717.pdf\" target=\"_blank\" rel=\"noopener noreferrer\">a nota na \u00edntegra<\/a>.<\/p>\n<p><strong>Fonte: Contraf-CUT<\/strong><\/p>\n","protected":false},"excerpt":{"rendered":"<p>A Confedera\u00e7\u00e3o Nacional dos Trabalhadores do Ramo Financeiro (Contraf-CUT) enviou um\u00a0of\u00edcio na tarde desta quarta-feira (2)\u00a0para solicitar inclus\u00e3o da categoria banc\u00e1ria no Plano Nacional de Imuniza\u00e7\u00e3o (PNI) contra a Covid-19 e o agendamento de reuni\u00e3o, em formato eletr\u00f4nico, para tratar do assunto e apresentar os dados do setor e da categoria. O texto lembra que [&hellip;]<\/p>\n","protected":false},"author":2,"featured_media":11036,"comment_status":"","ping_status":"","sticky":false,"template":"","format":"standard","meta":{"footnotes":""},"categories":[3],"tags":[],"class_list":["post-11037","post","type-post","status-publish","format-standard","has-post-thumbnail","hentry","category-noticias"],"_links":{"self":[{"href":"https:\/\/hostnetart.com.br\/baixada\/wp-json\/wp\/v2\/posts\/11037","targetHints":{"allow":["GET"]}}],"collection":[{"href":"https:\/\/hostnetart.com.br\/baixada\/wp-json\/wp\/v2\/posts"}],"about":[{"href":"https:\/\/hostnetart.com.br\/baixada\/wp-json\/wp\/v2\/types\/post"}],"author":[{"embeddable":true,"href":"https:\/\/hostnetart.com.br\/baixada\/wp-json\/wp\/v2\/users\/2"}],"replies":[{"embeddable":true,"href":"https:\/\/hostnetart.com.br\/baixada\/wp-json\/wp\/v2\/comments?post=11037"}],"version-history":[{"count":0,"href":"https:\/\/hostnetart.com.br\/baixada\/wp-json\/wp\/v2\/posts\/11037\/revisions"}],"wp:featuredmedia":[{"embeddable":true,"href":"https:\/\/hostnetart.com.br\/baixada\/wp-json\/wp\/v2\/media\/11036"}],"wp:attachment":[{"href":"https:\/\/hostnetart.com.br\/baixada\/wp-json\/wp\/v2\/media?parent=11037"}],"wp:term":[{"taxonomy":"category","embeddable":true,"href":"https:\/\/hostnetart.com.br\/baixada\/wp-json\/wp\/v2\/categories?post=11037"},{"taxonomy":"post_tag","embeddable":true,"href":"https:\/\/hostnetart.com.br\/baixada\/wp-json\/wp\/v2\/tags?post=11037"}],"curies":[{"name":"wp","href":"https:\/\/api.w.org\/{rel}","templated":true}]}}