{"id":11031,"date":"2021-06-01T15:01:18","date_gmt":"2021-06-01T18:01:18","guid":{"rendered":"https:\/\/hostnetart.com.br\/baixada\/bradesco-anuncia-novo-seguro-de-vida-para-todos-funcionarios-e-aprendizes\/"},"modified":"2021-06-01T15:01:18","modified_gmt":"2021-06-01T18:01:18","slug":"bradesco-anuncia-novo-seguro-de-vida-para-todos-funcionarios-e-aprendizes","status":"publish","type":"post","link":"https:\/\/hostnetart.com.br\/baixada\/bradesco-anuncia-novo-seguro-de-vida-para-todos-funcionarios-e-aprendizes\/","title":{"rendered":"Bradesco anuncia novo seguro de vida para todos funcion\u00e1rios e aprendizes"},"content":{"rendered":"<p>O Bradesco anunciou na manh\u00e3 desta ter\u00e7a-feira (1), em reuni\u00e3o com a Comiss\u00e3o de Organiza\u00e7\u00e3o dos Empregados (COE), um novo seguro de vida para todos os funcion\u00e1rios e aprendizes do banco. O seguro de vida \u00e9 pago 100% pela organiza\u00e7\u00e3o Bradesco e come\u00e7a a valer automaticamente nesta ter\u00e7a-feira.<\/p>\n<p>O seguro garante a todos os funcion\u00e1rios e aprendizes a cobertura de R$ 50 mil para 100% dos funcion\u00e1rios e dos aprendizes. Em caso de invalidez dos funcion\u00e1rios e dos aprendizes o limite de cobertura tamb\u00e9m ser\u00e1 de at\u00e9 R$ 50 mil.<\/p>\n<p>A conquista inclui aux\u00edlio funeral, com reembolso, n\u00e3o apenas em caso de falecimento dos funcion\u00e1rios, mas estendido aos pais, filhos, c\u00f4njuges, sogros e sogras.<\/p>\n<p>\u201c\u00c9 muito importante esta not\u00edcia neste momento de pandemia, no qual mais de 460 mil vidas j\u00e1 foram perdidas por irresponsabilidade do governo federal. Os banc\u00e1rios ainda n\u00e3o est\u00e3o inclu\u00eddos na lista de prioridades no Programa Nacional de Imuniza\u00e7\u00e3o da Covid-19, apesar da atividade ser considerada essencial. Ter seguro de vida para todos os funcion\u00e1rios e aprendizes, aux\u00edlio funeral para parentes tamb\u00e9m s\u00e3o os tipos de direitos que ningu\u00e9m gosta de usar, mas de extrema import\u00e2ncia nos momentos mais dif\u00edceis da vida\u201d, afirmou Magaly Fagundes, coordenadora da COE Bradesco.<\/p>\n<p>De acordo com o banco, a ideia do benef\u00edcio nasceu ao perceber que um ter\u00e7o das pessoas que faleceram nos \u00faltimos dois anos n\u00e3o tinham seguro de vida.<\/p>\n<p><strong>Fonte: Contraf-CUT<\/strong><\/p>\n","protected":false},"excerpt":{"rendered":"<p>O Bradesco anunciou na manh\u00e3 desta ter\u00e7a-feira (1), em reuni\u00e3o com a Comiss\u00e3o de Organiza\u00e7\u00e3o dos Empregados (COE), um novo seguro de vida para todos os funcion\u00e1rios e aprendizes do banco. O seguro de vida \u00e9 pago 100% pela organiza\u00e7\u00e3o Bradesco e come\u00e7a a valer automaticamente nesta ter\u00e7a-feira. O seguro garante a todos os funcion\u00e1rios [&hellip;]<\/p>\n","protected":false},"author":2,"featured_media":11030,"comment_status":"","ping_status":"","sticky":false,"template":"","format":"standard","meta":{"footnotes":""},"categories":[3],"tags":[],"class_list":["post-11031","post","type-post","status-publish","format-standard","has-post-thumbnail","hentry","category-noticias"],"_links":{"self":[{"href":"https:\/\/hostnetart.com.br\/baixada\/wp-json\/wp\/v2\/posts\/11031","targetHints":{"allow":["GET"]}}],"collection":[{"href":"https:\/\/hostnetart.com.br\/baixada\/wp-json\/wp\/v2\/posts"}],"about":[{"href":"https:\/\/hostnetart.com.br\/baixada\/wp-json\/wp\/v2\/types\/post"}],"author":[{"embeddable":true,"href":"https:\/\/hostnetart.com.br\/baixada\/wp-json\/wp\/v2\/users\/2"}],"replies":[{"embeddable":true,"href":"https:\/\/hostnetart.com.br\/baixada\/wp-json\/wp\/v2\/comments?post=11031"}],"version-history":[{"count":0,"href":"https:\/\/hostnetart.com.br\/baixada\/wp-json\/wp\/v2\/posts\/11031\/revisions"}],"wp:featuredmedia":[{"embeddable":true,"href":"https:\/\/hostnetart.com.br\/baixada\/wp-json\/wp\/v2\/media\/11030"}],"wp:attachment":[{"href":"https:\/\/hostnetart.com.br\/baixada\/wp-json\/wp\/v2\/media?parent=11031"}],"wp:term":[{"taxonomy":"category","embeddable":true,"href":"https:\/\/hostnetart.com.br\/baixada\/wp-json\/wp\/v2\/categories?post=11031"},{"taxonomy":"post_tag","embeddable":true,"href":"https:\/\/hostnetart.com.br\/baixada\/wp-json\/wp\/v2\/tags?post=11031"}],"curies":[{"name":"wp","href":"https:\/\/api.w.org\/{rel}","templated":true}]}}