{"id":11029,"date":"2021-06-01T03:28:04","date_gmt":"2021-06-01T06:28:04","guid":{"rendered":"https:\/\/hostnetart.com.br\/baixada\/imprensa-destaca-resultado-de-pesquisa-sobre-impacto-da-covid-19-entre-os-empregados-da-caixa\/"},"modified":"2021-06-01T03:28:04","modified_gmt":"2021-06-01T06:28:04","slug":"imprensa-destaca-resultado-de-pesquisa-sobre-impacto-da-covid-19-entre-os-empregados-da-caixa","status":"publish","type":"post","link":"https:\/\/hostnetart.com.br\/baixada\/imprensa-destaca-resultado-de-pesquisa-sobre-impacto-da-covid-19-entre-os-empregados-da-caixa\/","title":{"rendered":"Imprensa destaca resultado de pesquisa sobre impacto da Covid-19 entre os empregados da Caixa"},"content":{"rendered":"<p><a href=\"https:\/\/www1.folha.uol.com.br\/colunas\/painel\/2021\/05\/dossie-sobre-covid-na-caixa-mostra-que-70-dos-ouvidos-trabalham-em-locais-sem-ventilacao-externa.shtml\" target=\"_blank\" rel=\"noopener noreferrer\">O painel da Folha de S\u00e3o Paulo<\/a>\u00a0do \u00faltimo s\u00e1bado (29) noticiou os resultados do Dossi\u00ea Covid-19, que est\u00e1 avaliando os impactos da doen\u00e7a entre os trabalhadores da Caixa. Por atuarem na linha de frente durante a pandemia, os empregados do banco p\u00fablico foram inclu\u00eddos no estudo que inclui outras categorias.<\/p>\n<p>Segundo a pesquisa, 70% dos 628 empregados da Caixa ouvidos trabalham em ag\u00eancias ou unidades do banco nas quais falta ventila\u00e7\u00e3o para o ambiente externo, como janelas.<\/p>\n<p>Os trabalhadores apontaram aos pesquisadores outros problemas, que vem sendo denunciados pelas entidades representativas da categoria, a exemplo da Federa\u00e7\u00e3o Nacional das Associa\u00e7\u00f5es do Pessoal da Caixa Econ\u00f4mica Federal (Fenae). Os banc\u00e1rios da Caixa relataram contato pr\u00f3ximo com clientes e colegas de trabalho, al\u00e9m da falta de m\u00e1scaras para trocas peri\u00f3dicas<\/p>\n<p>Segundo o painel da Folha de S.Paulo, a pesquisa tamb\u00e9m investiga se os empregados contra\u00edram Covid-19 no trabalho. Aproximadamente 80 banc\u00e1rios responderam que se contaminaram na Caixa. Em nota enviada \u00e0 Folha de S\u00e3o Paulo, o banco afirma que adota todas as medidas sanit\u00e1rias recomendadas.<\/p>\n<p>As informa\u00e7\u00f5es sobre o Dossi\u00ea Covid-19 na Caixa tamb\u00e9m repercutiram em outros ve\u00edculos nacionais e regionais, com publica\u00e7\u00f5es no\u00a0<a href=\"https:\/\/poliarquia.com.br\/2021\/05\/29\/dossie-sobre-covid-na-caixa-mostra-que-70-dos-ouvidos-trabalham-em-locais-sem-ventilacao\/\" target=\"_blank\" rel=\"noopener noreferrer\">Poliarquia<\/a>,\u00a0<a href=\"https:\/\/politicaemfocomt.com.br\/dossie-sobre-covid-na-caixa-mostra-que-70-dos-ouvidos-trabalham-em-locais-sem-ventilacao-externa\/\" target=\"_blank\" rel=\"noopener noreferrer\">Pol\u00edtica em Foco do Mato Grosso<\/a>\u00a0e\u00a0<a href=\"https:\/\/politicalivre.com.br\/2021\/05\/dossie-sobre-covid-na-caixa-mostra-que-70-dos-ouvidos-trabalham-em-locais-sem-ventilacao-externa\/#gsc.tab=0\" target=\"_blank\" rel=\"noopener noreferrer\">Pol\u00edtica Livre\u00a0<\/a>.<\/p>\n<p><span style=\"text-decoration: underline;\">Saiba mais<\/span><\/p>\n<p>Em 2020, a Fenae assinou\u00a0<a href=\"https:\/\/www.fenae.org.br\/portal\/fenae-portal\/noticias\/empregado-da-caixa-participe-da-pesquisa-sobre-covid-19-no-trabalho.htm\" target=\"_blank\" rel=\"noopener noreferrer\">acordo de coopera\u00e7\u00e3o t\u00e9cnica\u00a0<\/a>com a Associa\u00e7\u00e3o de Sa\u00fade Ambiental e Sustentabilidade (Asas) para a participa\u00e7\u00e3o dos banc\u00e1rios da Caixa na pesquisa \u201cCovid-19 como uma doen\u00e7a relacionada ao trabalho\u201d.<\/p>\n<p>O objetivo do estudo \u2014 desenvolvido por pesquisadores das universidades de S\u00e3o Paulo (USP), Estadual Paulista (Unesp) e Federal do Par\u00e1 (UFPA) \u2014 \u00e9 dar visibilidade \u00e0 rela\u00e7\u00e3o entre a atividade profissional e o adoecimento por contamina\u00e7\u00e3o pelo coronav\u00edrus.<\/p>\n<p>Al\u00e9m do setor banc\u00e1rio, incluindo institui\u00e7\u00f5es financeiras p\u00fablicas e privadas, a pesquisa abranger\u00e1 segmentos como comerci\u00e1rios, profissionais da constru\u00e7\u00e3o civil, metal\u00fargicos, servidores p\u00fablicos (a exemplo daqueles que atuam na \u00e1rea da sa\u00fade) e trabalhadores do setor de alimenta\u00e7\u00e3o.<\/p>\n<p><strong>Fonte: Fenae<\/strong><\/p>\n","protected":false},"excerpt":{"rendered":"<p>O painel da Folha de S\u00e3o Paulo\u00a0do \u00faltimo s\u00e1bado (29) noticiou os resultados do Dossi\u00ea Covid-19, que est\u00e1 avaliando os impactos da doen\u00e7a entre os trabalhadores da Caixa. Por atuarem na linha de frente durante a pandemia, os empregados do banco p\u00fablico foram inclu\u00eddos no estudo que inclui outras categorias. Segundo a pesquisa, 70% dos [&hellip;]<\/p>\n","protected":false},"author":2,"featured_media":11028,"comment_status":"","ping_status":"","sticky":false,"template":"","format":"standard","meta":{"footnotes":""},"categories":[3],"tags":[],"class_list":["post-11029","post","type-post","status-publish","format-standard","has-post-thumbnail","hentry","category-noticias"],"_links":{"self":[{"href":"https:\/\/hostnetart.com.br\/baixada\/wp-json\/wp\/v2\/posts\/11029","targetHints":{"allow":["GET"]}}],"collection":[{"href":"https:\/\/hostnetart.com.br\/baixada\/wp-json\/wp\/v2\/posts"}],"about":[{"href":"https:\/\/hostnetart.com.br\/baixada\/wp-json\/wp\/v2\/types\/post"}],"author":[{"embeddable":true,"href":"https:\/\/hostnetart.com.br\/baixada\/wp-json\/wp\/v2\/users\/2"}],"replies":[{"embeddable":true,"href":"https:\/\/hostnetart.com.br\/baixada\/wp-json\/wp\/v2\/comments?post=11029"}],"version-history":[{"count":0,"href":"https:\/\/hostnetart.com.br\/baixada\/wp-json\/wp\/v2\/posts\/11029\/revisions"}],"wp:featuredmedia":[{"embeddable":true,"href":"https:\/\/hostnetart.com.br\/baixada\/wp-json\/wp\/v2\/media\/11028"}],"wp:attachment":[{"href":"https:\/\/hostnetart.com.br\/baixada\/wp-json\/wp\/v2\/media?parent=11029"}],"wp:term":[{"taxonomy":"category","embeddable":true,"href":"https:\/\/hostnetart.com.br\/baixada\/wp-json\/wp\/v2\/categories?post=11029"},{"taxonomy":"post_tag","embeddable":true,"href":"https:\/\/hostnetart.com.br\/baixada\/wp-json\/wp\/v2\/tags?post=11029"}],"curies":[{"name":"wp","href":"https:\/\/api.w.org\/{rel}","templated":true}]}}