{"id":11027,"date":"2021-06-01T03:23:44","date_gmt":"2021-06-01T06:23:44","guid":{"rendered":"https:\/\/hostnetart.com.br\/baixada\/uni-realizara-forum-para-debater-questoes-da-juventude-trabalhadora\/"},"modified":"2021-06-01T03:23:44","modified_gmt":"2021-06-01T06:23:44","slug":"uni-realizara-forum-para-debater-questoes-da-juventude-trabalhadora","status":"publish","type":"post","link":"https:\/\/hostnetart.com.br\/baixada\/uni-realizara-forum-para-debater-questoes-da-juventude-trabalhadora\/","title":{"rendered":"UNI realizar\u00e1 f\u00f3rum para debater quest\u00f5es da juventude trabalhadora"},"content":{"rendered":"<p>A UNI Global Union, sediada em Nyon, na Su\u00ed\u00e7a, realizar\u00e1 nos dias 3 e 4 de junho um F\u00f3rum Mundial da Juventude para discutir sobre direitos humanos, mudan\u00e7a clim\u00e1tica, precariza\u00e7\u00e3o do trabalho, sindicaliza\u00e7\u00e3o, forma\u00e7\u00e3o entre outros temas voltados aos interesses da juventude trabalhadora.<\/p>\n<p>\u201cO f\u00f3rum \u00e9 um espa\u00e7o importante n\u00e3o apenas para a forma\u00e7\u00e3o de novas lideran\u00e7as da juventude sindical, mas tamb\u00e9m para direcionar a organiza\u00e7\u00e3o dos trabalhadores num cen\u00e1rio de retrocessos que vivenciamos n\u00e3o apenas no Brasil, mas em todo o mundo\u201d, disse a presidenta da UNI Am\u00e9ricas Juventude, Lucimara Malaquias.<\/p>\n<p>\u201cOs jovens, juntamente com as mulheres, s\u00e3o os mais atingidos pela onda de retrocessos que se instalou em todo o mundo. Precisamos nos organizar para combater as pol\u00edticas recessivas, os cortes de direitos, recuperar espa\u00e7o perdido e avan\u00e7ar na luta por novas conquistas\u201d, disse a secret\u00e1ria de Juventude da Confedera\u00e7\u00e3o Nacional dos Trabalhadores do Ramo Financeiro (Contraf-CUT), Fernanda Lopes. \u201cO F\u00f3rum Mundial da Juventude da UNI dar\u00e1 grande contribui\u00e7\u00e3o neste sentido\u201d, completou.<\/p>\n<p>A atividade ser\u00e1 realizada inteiramente pela internet, com a utiliza\u00e7\u00e3o do aplicativo de videoconfer\u00eancias Zoom. Todos os pain\u00e9is tem\u00e1ticos contar\u00e3o com tradu\u00e7\u00e3o para a L\u00edngua Portuguesa e para as demais l\u00ednguas dos participantes.<\/p>\n<p>A UNI Global Union representa mais de 20 milh\u00f5es de trabalhadores em mais de 150 pa\u00edses e tem forte presen\u00e7a e atua\u00e7\u00e3o sindical no setor de servi\u00e7os. Organizada em regi\u00f5es e setores, busca contribuir para o fortalecimento internacional de categorias profissionais e de debates relevantes aos trabalhadores, dentre eles, o da Juventude.<\/p>\n<p>A participa\u00e7\u00e3o se dar\u00e1 por meio de\u00a0<a href=\"https:\/\/uniglobalunion-org.zoom.us\/meeting\/register\/tZAvfuCtrzIrE9F7ElXvgjp-K2taAezGvX5K\" target=\"_blank\" rel=\"noopener noreferrer\">inscri\u00e7\u00f5es pr\u00e9vias<\/a>, levando em, conta a idade limite de 35 anos.<\/p>\n<p><strong>Fonte: Contraf-CUT<\/strong><\/p>\n","protected":false},"excerpt":{"rendered":"<p>A UNI Global Union, sediada em Nyon, na Su\u00ed\u00e7a, realizar\u00e1 nos dias 3 e 4 de junho um F\u00f3rum Mundial da Juventude para discutir sobre direitos humanos, mudan\u00e7a clim\u00e1tica, precariza\u00e7\u00e3o do trabalho, sindicaliza\u00e7\u00e3o, forma\u00e7\u00e3o entre outros temas voltados aos interesses da juventude trabalhadora. \u201cO f\u00f3rum \u00e9 um espa\u00e7o importante n\u00e3o apenas para a forma\u00e7\u00e3o de [&hellip;]<\/p>\n","protected":false},"author":2,"featured_media":11026,"comment_status":"","ping_status":"","sticky":false,"template":"","format":"standard","meta":{"footnotes":""},"categories":[3],"tags":[],"class_list":["post-11027","post","type-post","status-publish","format-standard","has-post-thumbnail","hentry","category-noticias"],"_links":{"self":[{"href":"https:\/\/hostnetart.com.br\/baixada\/wp-json\/wp\/v2\/posts\/11027","targetHints":{"allow":["GET"]}}],"collection":[{"href":"https:\/\/hostnetart.com.br\/baixada\/wp-json\/wp\/v2\/posts"}],"about":[{"href":"https:\/\/hostnetart.com.br\/baixada\/wp-json\/wp\/v2\/types\/post"}],"author":[{"embeddable":true,"href":"https:\/\/hostnetart.com.br\/baixada\/wp-json\/wp\/v2\/users\/2"}],"replies":[{"embeddable":true,"href":"https:\/\/hostnetart.com.br\/baixada\/wp-json\/wp\/v2\/comments?post=11027"}],"version-history":[{"count":0,"href":"https:\/\/hostnetart.com.br\/baixada\/wp-json\/wp\/v2\/posts\/11027\/revisions"}],"wp:featuredmedia":[{"embeddable":true,"href":"https:\/\/hostnetart.com.br\/baixada\/wp-json\/wp\/v2\/media\/11026"}],"wp:attachment":[{"href":"https:\/\/hostnetart.com.br\/baixada\/wp-json\/wp\/v2\/media?parent=11027"}],"wp:term":[{"taxonomy":"category","embeddable":true,"href":"https:\/\/hostnetart.com.br\/baixada\/wp-json\/wp\/v2\/categories?post=11027"},{"taxonomy":"post_tag","embeddable":true,"href":"https:\/\/hostnetart.com.br\/baixada\/wp-json\/wp\/v2\/tags?post=11027"}],"curies":[{"name":"wp","href":"https:\/\/api.w.org\/{rel}","templated":true}]}}