{"id":11025,"date":"2021-05-31T11:43:43","date_gmt":"2021-05-31T14:43:43","guid":{"rendered":"https:\/\/hostnetart.com.br\/baixada\/empregados-da-caixa-cobram-reuniao-especifica-sobre-protocolos-contra-a-covid-19\/"},"modified":"2021-05-31T11:43:43","modified_gmt":"2021-05-31T14:43:43","slug":"empregados-da-caixa-cobram-reuniao-especifica-sobre-protocolos-contra-a-covid-19","status":"publish","type":"post","link":"https:\/\/hostnetart.com.br\/baixada\/empregados-da-caixa-cobram-reuniao-especifica-sobre-protocolos-contra-a-covid-19\/","title":{"rendered":"Empregados da Caixa cobram reuni\u00e3o espec\u00edfica sobre protocolos contra a Covid-19"},"content":{"rendered":"<p>A Comiss\u00e3o Executiva dos Empregados da Caixa Econ\u00f4mica Federal (CEE\/Caixa), que assessora a Confedera\u00e7\u00e3o Nacional dos Trabalhadores do Ramo Financeiro (Contraf-CUT), nas negocia\u00e7\u00f5es com o banco, cobrou em of\u00edcio nesta sexta-feira (28), a marca\u00e7\u00e3o de uma nova reuni\u00e3o sobre os protocolos de enfrentamento contra da Covid-19,\u00a0<a href=\"https:\/\/contrafcut.com.br\/noticias\/caixa-nao-atende-nenhuma-das-reivindicacoes-dos-empregados\/?swcfpc=1\" target=\"_blank\" rel=\"noopener noreferrer\">como ficou acertado na \u00faltima reuni\u00e3o entre as partes, ocorrida em 11 de maio de 2021<\/a>.<\/p>\n<p>A CEE\/ Caixa sugere que a mesa seja marcada entre os dias 7 e 11 de junho de 2021. \u201cN\u00f3s queremos que a reuni\u00e3o aconte\u00e7a o mais r\u00e1pido poss\u00edvel. O n\u00famero de casos voltou a subir e \u00e9 alarmante. Precisamos ampliar os crit\u00e9rios de prote\u00e7\u00e3o para os colegas que est\u00e3o trabalhando presencialmente em especial quem est\u00e1 nas ag\u00eancias atendendo a popula\u00e7\u00e3o e \u00e9 onde ocorre principalmente as aglomera\u00e7\u00f5es. Todo cuidado \u00e9 essencial e salva vidas\u201d, disse Fabiana Uehara Proscholdt, coordenadora da CEE\/Caixa e secret\u00e1ria da Cultura da Contraf-CUT.<\/p>\n<p>Zel\u00e1riom Breem, presidente do Pactu e membro da CEE\/ Caixa, lembra que o quadro de prolifera\u00e7\u00e3o da contamina\u00e7\u00e3o pela Covid-19 est\u00e1 crescendo assustadoramente. \u201cA todo dia temos notifica\u00e7\u00f5es de contamina\u00e7\u00e3o e \u00f3bitos de companheiros e companheiras banc\u00e1rias, com casos de contamina\u00e7\u00e3o de at\u00e9 80% dos trabalhadores em algumas unidades. Os banc\u00e1rios e as banc\u00e1rias, por atuarem em atividade essencial, est\u00e3o com uma exposi\u00e7\u00e3o acentuada aos riscos de contamina\u00e7\u00e3o, em especial os da Caixa, por conta do atendimento social e do pagamento do aux\u00edlio emergencial. Se o atendimento banc\u00e1rio \u00e9 essencial, os trabalhadores s\u00e3o linha de frente e devem ser colocados como priorit\u00e1rios no PNI COVID. Al\u00e9m da prioriza\u00e7\u00e3o, se faz necess\u00e1rios que os trabalhadores e os bancos sigam os protocolos de enfrentamento da OMS, e haja uma unifica\u00e7\u00e3o dos protocolos visando preservar a vida.\u201d<\/p>\n<p><strong>Fonte: Contraf-CUT<\/strong><\/p>\n","protected":false},"excerpt":{"rendered":"<p>A Comiss\u00e3o Executiva dos Empregados da Caixa Econ\u00f4mica Federal (CEE\/Caixa), que assessora a Confedera\u00e7\u00e3o Nacional dos Trabalhadores do Ramo Financeiro (Contraf-CUT), nas negocia\u00e7\u00f5es com o banco, cobrou em of\u00edcio nesta sexta-feira (28), a marca\u00e7\u00e3o de uma nova reuni\u00e3o sobre os protocolos de enfrentamento contra da Covid-19,\u00a0como ficou acertado na \u00faltima reuni\u00e3o entre as partes, ocorrida [&hellip;]<\/p>\n","protected":false},"author":2,"featured_media":11024,"comment_status":"","ping_status":"","sticky":false,"template":"","format":"standard","meta":{"footnotes":""},"categories":[3],"tags":[],"class_list":["post-11025","post","type-post","status-publish","format-standard","has-post-thumbnail","hentry","category-noticias"],"_links":{"self":[{"href":"https:\/\/hostnetart.com.br\/baixada\/wp-json\/wp\/v2\/posts\/11025","targetHints":{"allow":["GET"]}}],"collection":[{"href":"https:\/\/hostnetart.com.br\/baixada\/wp-json\/wp\/v2\/posts"}],"about":[{"href":"https:\/\/hostnetart.com.br\/baixada\/wp-json\/wp\/v2\/types\/post"}],"author":[{"embeddable":true,"href":"https:\/\/hostnetart.com.br\/baixada\/wp-json\/wp\/v2\/users\/2"}],"replies":[{"embeddable":true,"href":"https:\/\/hostnetart.com.br\/baixada\/wp-json\/wp\/v2\/comments?post=11025"}],"version-history":[{"count":0,"href":"https:\/\/hostnetart.com.br\/baixada\/wp-json\/wp\/v2\/posts\/11025\/revisions"}],"wp:featuredmedia":[{"embeddable":true,"href":"https:\/\/hostnetart.com.br\/baixada\/wp-json\/wp\/v2\/media\/11024"}],"wp:attachment":[{"href":"https:\/\/hostnetart.com.br\/baixada\/wp-json\/wp\/v2\/media?parent=11025"}],"wp:term":[{"taxonomy":"category","embeddable":true,"href":"https:\/\/hostnetart.com.br\/baixada\/wp-json\/wp\/v2\/categories?post=11025"},{"taxonomy":"post_tag","embeddable":true,"href":"https:\/\/hostnetart.com.br\/baixada\/wp-json\/wp\/v2\/tags?post=11025"}],"curies":[{"name":"wp","href":"https:\/\/api.w.org\/{rel}","templated":true}]}}