{"id":11023,"date":"2021-05-31T11:32:02","date_gmt":"2021-05-31T14:32:02","guid":{"rendered":"https:\/\/hostnetart.com.br\/baixada\/representantes-dos-funcionarios-se-reunem-com-presidente-do-bb\/"},"modified":"2021-05-31T11:32:02","modified_gmt":"2021-05-31T14:32:02","slug":"representantes-dos-funcionarios-se-reunem-com-presidente-do-bb","status":"publish","type":"post","link":"https:\/\/hostnetart.com.br\/baixada\/representantes-dos-funcionarios-se-reunem-com-presidente-do-bb\/","title":{"rendered":"Representantes dos funcion\u00e1rios se re\u00fanem com presidente do BB"},"content":{"rendered":"<p>A sinaliza\u00e7\u00e3o de uma rela\u00e7\u00e3o de abertura, di\u00e1logo e proximidade por parte do novo presidente do Banco do Brasil, Fausto Ribeiro, marcou a primeira reuni\u00e3o realizada entre a dire\u00e7\u00e3o do banco e a representa\u00e7\u00e3o dos trabalhadores, ocorrida na ter\u00e7a-feira (25), em Bras\u00edlia. Os representantes que comp\u00f5em a diretoria do Sindicato dos Banc\u00e1rios de Bras\u00edlia participaram da reuni\u00e3o presencialmente, respeitando-se rigorosamente todos os protocolos de seguran\u00e7a. O coordenador da Comiss\u00e3o de Empresa dos Funcion\u00e1rios do Banco do Brasil (CEBB), Jo\u00e3o Fukunaga, participou por videoconfer\u00eancia.<\/p>\n<p>Logo no in\u00edcio da reuni\u00e3o, o presidente do BB disse que o respeito aos funcion\u00e1rios vai prevalecer na sua gest\u00e3o e que as portas para o movimento sindical estar\u00e3o abertas.<\/p>\n<p>\u201cApesar de termos tido esse primeiro contato, temos a demanda de um\u00a0<a href=\"https:\/\/contrafcut.com.br\/noticias\/contraf-cut-solicita-reuniao-com-presidente-do-banco-do-brasil\/\" target=\"_blank\" rel=\"noopener noreferrer\">encontro solicitado pela Contraf-CUT<\/a>\u00a0por meio de um of\u00edcio. Por isso, foi bom ouvir que as portas est\u00e3o abertas ao movimento sindical e que o di\u00e1logo com os funcion\u00e1rios e suas representa\u00e7\u00f5es v\u00e3o prevalecer\u201d, disse Fukunaga. \u201cVamos manter esse contato e esse di\u00e1logo para apresentar e defender as demandas dos trabalhadores\u201d, completou.<\/p>\n<h3><strong>Contrata\u00e7\u00f5es<\/strong><\/h3>\n<p>O primeiro assunto tratado foi sobre a contrata\u00e7\u00e3o urgente de mais funcion\u00e1rios, principalmente diante do cen\u00e1rio de colapso constatado nas ag\u00eancias pelo Brasil afora.<\/p>\n<p>\u201cA situa\u00e7\u00e3o \u00e9 ainda mais grave nas unidades de neg\u00f3cio\u201d, apontou o presidente do Seeb\/Bras\u00edlia, Kleytton Morais, que enfatizou a necessidade de contrata\u00e7\u00f5es via concursos p\u00fablicos para suprir essa demanda. \u201cEm fun\u00e7\u00e3o da procura cada vez mais crescente de clientes e usu\u00e1rios, por um lado, e da diminui\u00e7\u00e3o do n\u00famero de funcion\u00e1rios por conta do processo de reestrutura\u00e7\u00e3o, por outro, o d\u00e9ficit do quadro de pessoal \u00e9 grave e tem impactado sobremaneira o ritmo de trabalho e consequentemente a sa\u00fade dos banc\u00e1rios, que est\u00e3o cada vez mais adoecidos. Isso sem contar que, numa situa\u00e7\u00e3o dessas, o banco tamb\u00e9m perde em termos estrat\u00e9gicos, na disputa de mercado\u201d.<\/p>\n<p>O coordenador da CEBB refor\u00e7ou a urg\u00eancia da abertura imediata de novo concurso p\u00fablico para o BB. \u201cA situa\u00e7\u00e3o verificada no Distrito Federal e entorno se repete em quase todos os cantos do pa\u00eds. Existem relatos de que gestores da unidade precisam atuar em todas as posi\u00e7\u00f5es para se efetivar o atendimento aos clientes devido \u00e0 falta de funcion\u00e1rios\u201d, disse.<\/p>\n<h3><strong>Vacina, j\u00e1!<\/strong><\/h3>\n<p>A inclus\u00e3o da categoria no Plano Nacional de Imuniza\u00e7\u00e3o (PNI) contra a Covid-19 foi outro ponto tratado na reuni\u00e3o.<\/p>\n<p>A representa\u00e7\u00e3o dos funcion\u00e1rios cobrou posicionamento da dire\u00e7\u00e3o do Banco do Brasil no sentido de atuar junto ao governo para assegurar a prioriza\u00e7\u00e3o dos banc\u00e1rios no PNI.<\/p>\n<p>\u201cO aceno positivo dado pelo presidente do BB, relativo ao pleito de buscar a prioriza\u00e7\u00e3o dos banc\u00e1rios no PNI \u00e9 um importante refor\u00e7o para os esfor\u00e7os que j\u00e1 realizamos neste sentido\u201d, disse Kleytton ao lembrar que houve um grande crescimento no n\u00famero de mortes entre os banc\u00e1rios.<\/p>\n<p>Segundo\u00a0<a href=\"https:\/\/contrafcut.com.br\/noticias\/desligamentos-por-morte-de-celetistas-crescem-716-no-1o-tri-de-2021-mostra-dieese\/\" target=\"_blank\" rel=\"noopener noreferrer\">levantamento realizado pelo Departamento Intersindical de Estat\u00edstica e Estudos Socioecon\u00f4micos (Dieese)<\/a>, no primeiro trimestre de 2021 houve 176% mais mortes na categoria, na compara\u00e7\u00e3o com o mesmo per\u00edodo de 2020.<\/p>\n<p>O argumento foi refor\u00e7ado pelo presidente da Federa\u00e7\u00e3o dos Banc\u00e1rios da CUT do Centro Norte (Fetec-CUT\/CN), Cleiton dos Santos. \u201cAssim como outras categorias que se mostraram fundamentais, os banc\u00e1rios colocaram suas vidas em risco para cumprir seu papel social de manter o atendimento da popula\u00e7\u00e3o e fazer a economia funcionar neste per\u00edodo t\u00e3o cr\u00edtico e sem precedentes na hist\u00f3ria de nosso pa\u00eds\u201d, disse.<\/p>\n<h3><strong>Defender o banco p\u00fablico<\/strong><\/h3>\n<p>Os debates tamb\u00e9m giraram em torno da import\u00e2ncia de se manter o Banco do Brasil como institui\u00e7\u00e3o p\u00fablica de fomento e como agente de desenvolvimento socioecon\u00f4mico brasileiro, ainda mais diante de uma conjuntura em que os bancos p\u00fablicos v\u00eam mostrando a sua relev\u00e2ncia e papel diferenciados.<\/p>\n<p><strong>Fonte:<\/strong>\u00a0<strong><a href=\"https:\/\/bancariosdf.com.br\/portal\/sindicato-trata-de-contratacoes-vacinacao-e-fbb-em-primeira-reuniao-com-o-novo-presidente-do-banco-do-brasil\/\" target=\"_blank\" rel=\"noopener noreferrer\">Seeb\/BSB<\/a>, com Contraf-CUT<\/strong><\/p>\n","protected":false},"excerpt":{"rendered":"<p>A sinaliza\u00e7\u00e3o de uma rela\u00e7\u00e3o de abertura, di\u00e1logo e proximidade por parte do novo presidente do Banco do Brasil, Fausto Ribeiro, marcou a primeira reuni\u00e3o realizada entre a dire\u00e7\u00e3o do banco e a representa\u00e7\u00e3o dos trabalhadores, ocorrida na ter\u00e7a-feira (25), em Bras\u00edlia. Os representantes que comp\u00f5em a diretoria do Sindicato dos Banc\u00e1rios de Bras\u00edlia participaram [&hellip;]<\/p>\n","protected":false},"author":2,"featured_media":11022,"comment_status":"","ping_status":"","sticky":false,"template":"","format":"standard","meta":{"footnotes":""},"categories":[3],"tags":[],"class_list":["post-11023","post","type-post","status-publish","format-standard","has-post-thumbnail","hentry","category-noticias"],"_links":{"self":[{"href":"https:\/\/hostnetart.com.br\/baixada\/wp-json\/wp\/v2\/posts\/11023","targetHints":{"allow":["GET"]}}],"collection":[{"href":"https:\/\/hostnetart.com.br\/baixada\/wp-json\/wp\/v2\/posts"}],"about":[{"href":"https:\/\/hostnetart.com.br\/baixada\/wp-json\/wp\/v2\/types\/post"}],"author":[{"embeddable":true,"href":"https:\/\/hostnetart.com.br\/baixada\/wp-json\/wp\/v2\/users\/2"}],"replies":[{"embeddable":true,"href":"https:\/\/hostnetart.com.br\/baixada\/wp-json\/wp\/v2\/comments?post=11023"}],"version-history":[{"count":0,"href":"https:\/\/hostnetart.com.br\/baixada\/wp-json\/wp\/v2\/posts\/11023\/revisions"}],"wp:featuredmedia":[{"embeddable":true,"href":"https:\/\/hostnetart.com.br\/baixada\/wp-json\/wp\/v2\/media\/11022"}],"wp:attachment":[{"href":"https:\/\/hostnetart.com.br\/baixada\/wp-json\/wp\/v2\/media?parent=11023"}],"wp:term":[{"taxonomy":"category","embeddable":true,"href":"https:\/\/hostnetart.com.br\/baixada\/wp-json\/wp\/v2\/categories?post=11023"},{"taxonomy":"post_tag","embeddable":true,"href":"https:\/\/hostnetart.com.br\/baixada\/wp-json\/wp\/v2\/tags?post=11023"}],"curies":[{"name":"wp","href":"https:\/\/api.w.org\/{rel}","templated":true}]}}