{"id":11021,"date":"2021-05-28T20:32:21","date_gmt":"2021-05-28T23:32:21","guid":{"rendered":"https:\/\/hostnetart.com.br\/baixada\/empregados-reivindicam-apoio-da-caixa-pela-inclusao-na-lista-de-prioritarios-do-pni\/"},"modified":"2021-05-28T20:32:21","modified_gmt":"2021-05-28T23:32:21","slug":"empregados-reivindicam-apoio-da-caixa-pela-inclusao-na-lista-de-prioritarios-do-pni","status":"publish","type":"post","link":"https:\/\/hostnetart.com.br\/baixada\/empregados-reivindicam-apoio-da-caixa-pela-inclusao-na-lista-de-prioritarios-do-pni\/","title":{"rendered":"Empregados reivindicam apoio da Caixa pela inclus\u00e3o na lista de priorit\u00e1rios do PNI"},"content":{"rendered":"<p>A Confedera\u00e7\u00e3o Nacional dos Trabalhadores do Ramo Financeiro (Contraf-CUT) enviou um of\u00edcio, na manh\u00e3 desta sexta-feira (28), \u00e0 presid\u00eancia da Caixa para reivindicar que os executivos atuem junto ao governo federal, ao Congresso Nacional e ao Minist\u00e9rio da Sa\u00fade para assegurar a prioriza\u00e7\u00e3o dos banc\u00e1rios no Plano Nacional de Imuniza\u00e7\u00e3o (PNI) contra a Covid-19.<\/p>\n<p>\u201cA atividade banc\u00e1ria \u00e9 considerada essencial desde o in\u00edcio da pandemia. Ou seja, este tempo todo a categoria banc\u00e1ria correu risco \u00e0 sa\u00fade para atender toda a sociedade. Eles merecem ter essa prioridade. Os empregados da Caixa ainda sofrem mais, por serem os respons\u00e1veis pelo pagamento do aux\u00edlio emergencial e de outros benef\u00edcios sociais\u201d, lembrou Fabiana Uehara Proscholdt, coordenadora da Comiss\u00e3o Executiva dos Empregados da Caixa (CEE\/Caixa) e secret\u00e1ria da Cultura da Contraf-CUT.<\/p>\n<p>\u201cBasta observar as longas filas quilom\u00e9tricas, com centenas de pessoas que s\u00e3o atendidas todos os dias pelos bancos. Na fila externa \u00e0s ag\u00eancias j\u00e1 \u00e9 um risco, quando entra nas ag\u00eancias, que muitas vezes s\u00e3o pequenas, esse risco aumenta\u201d, apontou Odaly Medeiros, presidente do Sindicato dos Banc\u00e1rios do Piau\u00ed e integ<\/p>\n<p><strong>Fonte: Contraf-CUT<\/strong><\/p>\n","protected":false},"excerpt":{"rendered":"<p>A Confedera\u00e7\u00e3o Nacional dos Trabalhadores do Ramo Financeiro (Contraf-CUT) enviou um of\u00edcio, na manh\u00e3 desta sexta-feira (28), \u00e0 presid\u00eancia da Caixa para reivindicar que os executivos atuem junto ao governo federal, ao Congresso Nacional e ao Minist\u00e9rio da Sa\u00fade para assegurar a prioriza\u00e7\u00e3o dos banc\u00e1rios no Plano Nacional de Imuniza\u00e7\u00e3o (PNI) contra a Covid-19. \u201cA [&hellip;]<\/p>\n","protected":false},"author":2,"featured_media":11020,"comment_status":"","ping_status":"","sticky":false,"template":"","format":"standard","meta":{"footnotes":""},"categories":[3],"tags":[],"class_list":["post-11021","post","type-post","status-publish","format-standard","has-post-thumbnail","hentry","category-noticias"],"_links":{"self":[{"href":"https:\/\/hostnetart.com.br\/baixada\/wp-json\/wp\/v2\/posts\/11021","targetHints":{"allow":["GET"]}}],"collection":[{"href":"https:\/\/hostnetart.com.br\/baixada\/wp-json\/wp\/v2\/posts"}],"about":[{"href":"https:\/\/hostnetart.com.br\/baixada\/wp-json\/wp\/v2\/types\/post"}],"author":[{"embeddable":true,"href":"https:\/\/hostnetart.com.br\/baixada\/wp-json\/wp\/v2\/users\/2"}],"replies":[{"embeddable":true,"href":"https:\/\/hostnetart.com.br\/baixada\/wp-json\/wp\/v2\/comments?post=11021"}],"version-history":[{"count":0,"href":"https:\/\/hostnetart.com.br\/baixada\/wp-json\/wp\/v2\/posts\/11021\/revisions"}],"wp:featuredmedia":[{"embeddable":true,"href":"https:\/\/hostnetart.com.br\/baixada\/wp-json\/wp\/v2\/media\/11020"}],"wp:attachment":[{"href":"https:\/\/hostnetart.com.br\/baixada\/wp-json\/wp\/v2\/media?parent=11021"}],"wp:term":[{"taxonomy":"category","embeddable":true,"href":"https:\/\/hostnetart.com.br\/baixada\/wp-json\/wp\/v2\/categories?post=11021"},{"taxonomy":"post_tag","embeddable":true,"href":"https:\/\/hostnetart.com.br\/baixada\/wp-json\/wp\/v2\/tags?post=11021"}],"curies":[{"name":"wp","href":"https:\/\/api.w.org\/{rel}","templated":true}]}}