{"id":11019,"date":"2021-05-28T11:54:51","date_gmt":"2021-05-28T14:54:51","guid":{"rendered":"https:\/\/hostnetart.com.br\/baixada\/mortes-por-covid-19-crescem-entre-trabalhadores-do-setor-financeiro\/"},"modified":"2021-05-28T11:54:51","modified_gmt":"2021-05-28T14:54:51","slug":"mortes-por-covid-19-crescem-entre-trabalhadores-do-setor-financeiro","status":"publish","type":"post","link":"https:\/\/hostnetart.com.br\/baixada\/mortes-por-covid-19-crescem-entre-trabalhadores-do-setor-financeiro\/","title":{"rendered":"Mortes por Covid-19 crescem entre trabalhadores do setor financeiro"},"content":{"rendered":"<div class=\"elementor-element elementor-element-194680ec elementor-widget elementor-widget-theme-post-content\" data-id=\"194680ec\" data-element_type=\"widget\" data-widget_type=\"theme-post-content.default\">\n<div class=\"elementor-widget-container\">\n<p>Nesta quinta-feira (27), a categoria banc\u00e1ria promoveu o Dia Nacional de Luta pela sua inclus\u00e3o como essencial no Plano Nacional de Imuniza\u00e7\u00e3o (PNI). Uma reivindica\u00e7\u00e3o justa se levarmos em conta que a varia\u00e7\u00e3o no n\u00famero de desligamentos por morte cresceu mais que dobrou no 1\u00ba trimestre deste ano, na compara\u00e7\u00e3o com mesmo per\u00edodo do ano passado. O crescimento do n\u00famero de mortes \u00e9 associado \u00e0 pandemia.<\/p>\n<p>O Boletim Emprego em Pauta, do Departamento Intersindical de Estat\u00edsticas e Estudos Socioecon\u00f4micos (Dieese) de maio de 2021, destacou que o n\u00famero de desligamentos por morte de trabalhadores com carteira assinada cresceu 71,6% na compara\u00e7\u00e3o entre os primeiros trimestres de 2020 e 2021. \u201cEntre mais de 20 setores econ\u00f4micos analisados as \u2018Atividades Financeiras, de Seguros e Servi\u00e7os Relacionados\u2019, na qual os banc\u00e1rios est\u00e3o enquadrados, foi o terceiro com maior varia\u00e7\u00e3o no n\u00famero de desligamentos por morte no 1\u00ba trimestre de 2021 em rela\u00e7\u00e3o ao mesmo per\u00edodo de 2020, com varia\u00e7\u00e3o de 114,6%\u201d, afirmou Gustavo Cavarzan, economista do Dieese.<\/p>\n<p>Entre todas as atividades econ\u00f4micas, na mesma compara\u00e7\u00e3o entre os primeiros trimestres de 2020 e 2021, os trabalhadores da \u00e1rea de educa\u00e7\u00e3o apresentaram varia\u00e7\u00e3o de 106,7%, os do setor de transporte, armazenagem e correio, tiveram crescimento de 95,2%; atividades administrativas e servi\u00e7os complementares, 78,7%; aten\u00e7\u00e3o \u00e0 sa\u00fade humana, 75,9%.<\/p>\n<p><span style=\"text-decoration: underline;\">Dia Nacional de Luta<\/span><\/p>\n<p>Em uma an\u00e1lise dos desligamentos por morte apenas na categoria banc\u00e1ria, a varia\u00e7\u00e3o no n\u00famero de desligamentos por morte foi de 176,4%, chegando a 152 desligamentos por morte no 1\u00ba tri de 2021 e 473 desligamentos por morte nos \u00faltimos 12 meses. N\u00e3o por acaso a Confedera\u00e7\u00e3o Nacional dos Trabalhadores do Ramo Financeiro (Contraf-CUT) organizou nesta quinta-feira o Dia Nacional de Luta pela inclus\u00e3o da categoria banc\u00e1ria entre as prioridades para a vacina\u00e7\u00e3o contra a Covid-19 no PNI do governo federal.<\/p>\n<p>\u201cEsses n\u00fameros s\u00e3o assustadores e demonstram a import\u00e2ncia de cobrarmos do Minist\u00e9rio da Sa\u00fade a inclus\u00e3o da nossa categoria como essencial no PNI. Estamos na linha de frente no atendimento \u00e0 popula\u00e7\u00e3o, inclusive pagamentos fundamentais como o aux\u00edlio emergencial para quase 70 milh\u00f5es de pessoas. Temos contato direto com o p\u00fablico. S\u00f3 que a cada dia aumentam os casos de morte por Covid-19 entre banc\u00e1rias e banc\u00e1rios. Por isso nos mobilizamos nesta quinta-feira, em nosso Dia Nacional de Luta\u201d, disse a presidenta da Contraf-CUT, Juvandia Moreira.<\/p>\n<p>Enquanto a categoria banc\u00e1ria fica de fora da prioridade da vacina, os veterin\u00e1rios foram inclu\u00eddos no Plano Nacional de Imuniza\u00e7\u00e3o. Na Bahia, cineastas e blogueiros foram inclusos na vacina\u00e7\u00e3o contra Covid-19 ap\u00f3s uma reuni\u00e3o da Comiss\u00e3o Intergestores Bipartite do Estado, realizada este m\u00eas.<\/p>\n<p><span style=\"text-decoration: underline;\">Curvas semelhantes<\/span><\/p>\n<p>Os n\u00fameros crescentes de desligamentos por morte foram extra\u00eddos do Novo Caged (Cadastro Geral de Empregados e Desempregados). O crescimento de desligamentos por morte identificadas no estudo e a evolu\u00e7\u00e3o das mortes por Covid-19 apresentam curvas com desenhos semelhantes (ver tabela abaixo).<\/p>\n<p>\u201cOs dados do Novo Caged n\u00e3o apontam exatamente a causa da morte dos trabalhadores, mas todos os indicativos apontam que o crescimento de mortes se deve, principalmente, a mortes por Covid-19. Quando comparamos a tend\u00eancia dos desligamentos por morte no mercado de trabalho formal, vemos uma correla\u00e7\u00e3o enorme com a tend\u00eancia geral das mortes por Covid-19 no Brasil. O m\u00eas de mar\u00e7o de 2021, por exemplo, foi o m\u00eas com maior n\u00famero de desligamentos por morte com 10.571 casos e foi tamb\u00e9m o m\u00eas com maior n\u00famero de mortes por Covid-19 no pa\u00eds. Apenas para termos ci\u00eancia da magnitude dessa cifra de mar\u00e7o, vale dizer que nos anos de 2017, 2018 e 2019 a m\u00e9dia mensal de desligamentos por morte no mercado de trabalho formal no Brasil girava em torno de 4.500 ao m\u00eas\u201d, ressaltou o economista Gustavo Cavarzan.<\/p>\n<p><strong>Fonte: Contraf-CUT<\/strong><\/p>\n<\/div>\n<\/div>\n","protected":false},"excerpt":{"rendered":"<p>Nesta quinta-feira (27), a categoria banc\u00e1ria promoveu o Dia Nacional de Luta pela sua inclus\u00e3o como essencial no Plano Nacional de Imuniza\u00e7\u00e3o (PNI). Uma reivindica\u00e7\u00e3o justa se levarmos em conta que a varia\u00e7\u00e3o no n\u00famero de desligamentos por morte cresceu mais que dobrou no 1\u00ba trimestre deste ano, na compara\u00e7\u00e3o com mesmo per\u00edodo do ano [&hellip;]<\/p>\n","protected":false},"author":2,"featured_media":11018,"comment_status":"","ping_status":"","sticky":false,"template":"","format":"standard","meta":{"footnotes":""},"categories":[3],"tags":[],"class_list":["post-11019","post","type-post","status-publish","format-standard","has-post-thumbnail","hentry","category-noticias"],"_links":{"self":[{"href":"https:\/\/hostnetart.com.br\/baixada\/wp-json\/wp\/v2\/posts\/11019","targetHints":{"allow":["GET"]}}],"collection":[{"href":"https:\/\/hostnetart.com.br\/baixada\/wp-json\/wp\/v2\/posts"}],"about":[{"href":"https:\/\/hostnetart.com.br\/baixada\/wp-json\/wp\/v2\/types\/post"}],"author":[{"embeddable":true,"href":"https:\/\/hostnetart.com.br\/baixada\/wp-json\/wp\/v2\/users\/2"}],"replies":[{"embeddable":true,"href":"https:\/\/hostnetart.com.br\/baixada\/wp-json\/wp\/v2\/comments?post=11019"}],"version-history":[{"count":0,"href":"https:\/\/hostnetart.com.br\/baixada\/wp-json\/wp\/v2\/posts\/11019\/revisions"}],"wp:featuredmedia":[{"embeddable":true,"href":"https:\/\/hostnetart.com.br\/baixada\/wp-json\/wp\/v2\/media\/11018"}],"wp:attachment":[{"href":"https:\/\/hostnetart.com.br\/baixada\/wp-json\/wp\/v2\/media?parent=11019"}],"wp:term":[{"taxonomy":"category","embeddable":true,"href":"https:\/\/hostnetart.com.br\/baixada\/wp-json\/wp\/v2\/categories?post=11019"},{"taxonomy":"post_tag","embeddable":true,"href":"https:\/\/hostnetart.com.br\/baixada\/wp-json\/wp\/v2\/tags?post=11019"}],"curies":[{"name":"wp","href":"https:\/\/api.w.org\/{rel}","templated":true}]}}