{"id":11017,"date":"2021-05-27T21:31:57","date_gmt":"2021-05-28T00:31:57","guid":{"rendered":"https:\/\/hostnetart.com.br\/baixada\/bancario-do-itau-e-reintegrado-pelo-sindicato-dos-bancarios-da-baixada-fluminense-3\/"},"modified":"2021-05-27T21:31:57","modified_gmt":"2021-05-28T00:31:57","slug":"bancario-do-itau-e-reintegrado-pelo-sindicato-dos-bancarios-da-baixada-fluminense-3","status":"publish","type":"post","link":"https:\/\/hostnetart.com.br\/baixada\/bancario-do-itau-e-reintegrado-pelo-sindicato-dos-bancarios-da-baixada-fluminense-3\/","title":{"rendered":"Banc\u00e1rio do Ita\u00fa \u00e9 reintegrado pelo Sindicato dos Banc\u00e1rios da Baixada Fluminense"},"content":{"rendered":"<p>Nesta quinta-feira, 27 de maio, mais um banc\u00e1rio do Banco Ita\u00fa foi reintegrado pelo Sindicato dos Banc\u00e1rios da Baixada Fluminense.<\/p>\n<p>A reintegra\u00e7\u00e3o ocorreu na ag\u00eancia S\u00e3o Jo\u00e3o de Meriti, por decis\u00e3o 3a Vara do Trabalho do mesmo munic\u00edpio.<\/p>\n<p>A demiss\u00e3o de Ricardo Rega\u00e7o de Mello ocorreu em plena pandemia do novo coronav\u00edrus.<\/p>\n<p>O trabalhador teve suas fun\u00e7\u00f5es restitu\u00eddas atrav\u00e9s do trabalho dos Departamentos Jur\u00eddico e de Sa\u00fade do Sindicato dos Banc\u00e1rios da Baixada Fluminense.<\/p>\n<p><strong>ENTENDA O CASO<\/strong><\/p>\n<p>Os bancos vem contrariando um compromisso firmado com a categoria banc\u00e1ria de n\u00e3o demitir durante a pandemia. Mas, mesmo com lucros estratosf\u00e9ricos obtidos nos primeiros meses de 2021, est\u00e3o demitindo.<\/p>\n<p>Ricardo buscou atentimento no Sindicato logo ap\u00f3s sua demiss\u00e3o e foi atendido pelo Departamento Jur\u00eddico. Seu contato imediato, ap\u00f3s o desligamento, foi fundamental para que a reintegra\u00e7\u00e3o fosse obtida com sucesso e rapidamente.<\/p>\n<p><strong>IMPORTANTE<\/strong><\/p>\n<p>Em caso de demiss\u00e3o, a orienta\u00e7\u00e3o \u00e9 para que o banc\u00e1rio ou banc\u00e1ria entre em contato imediatamente com o Sindicato.<\/p>\n<p><strong>SINDICALIZE-SE<\/strong><\/p>\n","protected":false},"excerpt":{"rendered":"<p>Nesta quinta-feira, 27 de maio, mais um banc\u00e1rio do Banco Ita\u00fa foi reintegrado pelo Sindicato dos Banc\u00e1rios da Baixada Fluminense. A reintegra\u00e7\u00e3o ocorreu na ag\u00eancia S\u00e3o Jo\u00e3o de Meriti, por decis\u00e3o 3a Vara do Trabalho do mesmo munic\u00edpio. A demiss\u00e3o de Ricardo Rega\u00e7o de Mello ocorreu em plena pandemia do novo coronav\u00edrus. O trabalhador teve [&hellip;]<\/p>\n","protected":false},"author":2,"featured_media":11016,"comment_status":"","ping_status":"","sticky":false,"template":"","format":"standard","meta":{"footnotes":""},"categories":[3],"tags":[],"class_list":["post-11017","post","type-post","status-publish","format-standard","has-post-thumbnail","hentry","category-noticias"],"_links":{"self":[{"href":"https:\/\/hostnetart.com.br\/baixada\/wp-json\/wp\/v2\/posts\/11017","targetHints":{"allow":["GET"]}}],"collection":[{"href":"https:\/\/hostnetart.com.br\/baixada\/wp-json\/wp\/v2\/posts"}],"about":[{"href":"https:\/\/hostnetart.com.br\/baixada\/wp-json\/wp\/v2\/types\/post"}],"author":[{"embeddable":true,"href":"https:\/\/hostnetart.com.br\/baixada\/wp-json\/wp\/v2\/users\/2"}],"replies":[{"embeddable":true,"href":"https:\/\/hostnetart.com.br\/baixada\/wp-json\/wp\/v2\/comments?post=11017"}],"version-history":[{"count":0,"href":"https:\/\/hostnetart.com.br\/baixada\/wp-json\/wp\/v2\/posts\/11017\/revisions"}],"wp:featuredmedia":[{"embeddable":true,"href":"https:\/\/hostnetart.com.br\/baixada\/wp-json\/wp\/v2\/media\/11016"}],"wp:attachment":[{"href":"https:\/\/hostnetart.com.br\/baixada\/wp-json\/wp\/v2\/media?parent=11017"}],"wp:term":[{"taxonomy":"category","embeddable":true,"href":"https:\/\/hostnetart.com.br\/baixada\/wp-json\/wp\/v2\/categories?post=11017"},{"taxonomy":"post_tag","embeddable":true,"href":"https:\/\/hostnetart.com.br\/baixada\/wp-json\/wp\/v2\/tags?post=11017"}],"curies":[{"name":"wp","href":"https:\/\/api.w.org\/{rel}","templated":true}]}}