{"id":11005,"date":"2021-05-27T03:11:40","date_gmt":"2021-05-27T06:11:40","guid":{"rendered":"https:\/\/hostnetart.com.br\/baixada\/criticas-a-cassacao-dos-mandatos-de-conselheiros-eleitos-da-funcef-ganha-destaque-na-midia\/"},"modified":"2021-05-27T03:11:40","modified_gmt":"2021-05-27T06:11:40","slug":"criticas-a-cassacao-dos-mandatos-de-conselheiros-eleitos-da-funcef-ganha-destaque-na-midia","status":"publish","type":"post","link":"https:\/\/hostnetart.com.br\/baixada\/criticas-a-cassacao-dos-mandatos-de-conselheiros-eleitos-da-funcef-ganha-destaque-na-midia\/","title":{"rendered":"Cr\u00edticas \u00e0 cassa\u00e7\u00e3o dos mandatos de conselheiros eleitos da Funcef ganha destaque na m\u00eddia"},"content":{"rendered":"<p><a href=\"https:\/\/www1.folha.uol.com.br\/mercado\/2021\/05\/funcionarios-da-caixa-planejam-ir-a-justica-contra-intervencao-do-banco-em-fundo-de-pensao.shtml?origin=folha\">Em mat\u00e9ria nesta ter\u00e7a (25), a Folha de S\u00e3o Paulo<\/a>\u00a0informa que entidades representativas dos empregados da Caixa pretendem reivindicar a reintegra\u00e7\u00e3o dos conselheiros e a restitui\u00e7\u00e3o da paridade na gest\u00e3o da Funcef.<\/p>\n<p>A Caixa Econ\u00f4mica Federal \u2013 que \u00e9 a patrocinadora do fundo de pens\u00e3o dos empregados da Caixa \u2013 cassou o mandato dos conselheiros deliberativo e fiscal eleitos da Funcef, em reuni\u00e3o do Conselho Deliberativo da funda\u00e7\u00e3o, realizada no dia 11 de maio.<\/p>\n<p>O jornal noticia ainda que as entidades tamb\u00e9m buscam amparo judicial contra uma regra que barra a candidatura de empregados do banco p\u00fablico nas elei\u00e7\u00f5es deste ano para a composi\u00e7\u00e3o do conselho respons\u00e1vel pela gest\u00e3o do fundo de pens\u00e3o. \u201cEm carta enviada aos participantes da Funcef h\u00e1 tr\u00eas dias, as associa\u00e7\u00f5es afirmaram que, via Caixa, o governo tenta intervir na gest\u00e3o do fundo ao barrar, com a\u00e7\u00f5es judiciais (individuais ou coletivas), a candidatura de empregados\u201d, destaca a Folha.<\/p>\n<p>Ouvido pelo jornal, o presidente da Federa\u00e7\u00e3o Nacional das Associa\u00e7\u00f5es do Pessoal da Caixa Econ\u00f4mica Federal (Fenae), Sergio Takemoto, lembrou que \u201ca regra foi imposta pela Caixa sem que tenha respaldo no estatuto da Funcef\u201d. Ainda, segundo Takemoto, \u201cquerem configurar conflito de interesse, mas o que tentam \u00e9 impedir a paridade no fundo para que seja controlado pela Caixa\u201d.<\/p>\n<p>Os mandatos dos conselheiros eleitos seriam encerrados em maio do ano passado e foram prorrogados por conta da suspens\u00e3o do processo eleitoral, que foi inviabilizado devido as constantes manobras da Caixa e da Funda\u00e7\u00e3o. No dia 11 de maio, o Conselho Deliberativo decidiu cassar os conselheiros sem que uma nova elei\u00e7\u00e3o tivesse ocorrido.<\/p>\n<p><strong>Fonte: Fenae<\/strong><\/p>\n","protected":false},"excerpt":{"rendered":"<p>Em mat\u00e9ria nesta ter\u00e7a (25), a Folha de S\u00e3o Paulo\u00a0informa que entidades representativas dos empregados da Caixa pretendem reivindicar a reintegra\u00e7\u00e3o dos conselheiros e a restitui\u00e7\u00e3o da paridade na gest\u00e3o da Funcef. A Caixa Econ\u00f4mica Federal \u2013 que \u00e9 a patrocinadora do fundo de pens\u00e3o dos empregados da Caixa \u2013 cassou o mandato dos conselheiros [&hellip;]<\/p>\n","protected":false},"author":2,"featured_media":11004,"comment_status":"","ping_status":"","sticky":false,"template":"","format":"standard","meta":{"footnotes":""},"categories":[3],"tags":[],"class_list":["post-11005","post","type-post","status-publish","format-standard","has-post-thumbnail","hentry","category-noticias"],"_links":{"self":[{"href":"https:\/\/hostnetart.com.br\/baixada\/wp-json\/wp\/v2\/posts\/11005","targetHints":{"allow":["GET"]}}],"collection":[{"href":"https:\/\/hostnetart.com.br\/baixada\/wp-json\/wp\/v2\/posts"}],"about":[{"href":"https:\/\/hostnetart.com.br\/baixada\/wp-json\/wp\/v2\/types\/post"}],"author":[{"embeddable":true,"href":"https:\/\/hostnetart.com.br\/baixada\/wp-json\/wp\/v2\/users\/2"}],"replies":[{"embeddable":true,"href":"https:\/\/hostnetart.com.br\/baixada\/wp-json\/wp\/v2\/comments?post=11005"}],"version-history":[{"count":0,"href":"https:\/\/hostnetart.com.br\/baixada\/wp-json\/wp\/v2\/posts\/11005\/revisions"}],"wp:featuredmedia":[{"embeddable":true,"href":"https:\/\/hostnetart.com.br\/baixada\/wp-json\/wp\/v2\/media\/11004"}],"wp:attachment":[{"href":"https:\/\/hostnetart.com.br\/baixada\/wp-json\/wp\/v2\/media?parent=11005"}],"wp:term":[{"taxonomy":"category","embeddable":true,"href":"https:\/\/hostnetart.com.br\/baixada\/wp-json\/wp\/v2\/categories?post=11005"},{"taxonomy":"post_tag","embeddable":true,"href":"https:\/\/hostnetart.com.br\/baixada\/wp-json\/wp\/v2\/tags?post=11005"}],"curies":[{"name":"wp","href":"https:\/\/api.w.org\/{rel}","templated":true}]}}