{"id":11003,"date":"2021-05-27T03:08:43","date_gmt":"2021-05-27T06:08:43","guid":{"rendered":"https:\/\/hostnetart.com.br\/baixada\/hoje-e-dia-nacional-de-luta-por-bancarios-vacinados\/"},"modified":"2021-05-27T03:08:43","modified_gmt":"2021-05-27T06:08:43","slug":"hoje-e-dia-nacional-de-luta-por-bancarios-vacinados","status":"publish","type":"post","link":"https:\/\/hostnetart.com.br\/baixada\/hoje-e-dia-nacional-de-luta-por-bancarios-vacinados\/","title":{"rendered":"Hoje \u00e9 Dia Nacional de Luta por banc\u00e1rios vacinados"},"content":{"rendered":"<p>Nesta quinta-feira, 27 de maio, \u00e9 o Dia Nacional de Luta pela inclus\u00e3o da categoria como essencial no Plano Nacional de Vacina\u00e7\u00e3o (PNI) e por vacina para todos.<\/p>\n<div>\n<div>O Movimento Sindical organiza, em todo o pa\u00eds, atividades para cobrar a inclus\u00e3o da categoria como grupo essencial.<\/div>\n<\/div>\n<div>\u00a0<\/div>\n<div>Banc\u00e1rias e banc\u00e1rios est\u00e3o na linha de frente no atendimento \u00e0 popula\u00e7\u00e3o, assim como outras categorias como professores, motoristas de transporte coletivo e trabalhadores da sa\u00fade. Mas ainda est\u00e3o de fora da prioridade do PNI.<\/div>\n<div>\n<p>Ser\u00e3o realizadas distribui\u00e7\u00e3o de boletins, manifesta\u00e7\u00f5es nas redes sociais, uso de carros de som para explicar a necessidade de prote\u00e7\u00e3o da categoria, assim como a necessidade de vacina para todos, j\u00e1.<\/p>\n<\/div>\n","protected":false},"excerpt":{"rendered":"<p>Nesta quinta-feira, 27 de maio, \u00e9 o Dia Nacional de Luta pela inclus\u00e3o da categoria como essencial no Plano Nacional de Vacina\u00e7\u00e3o (PNI) e por vacina para todos. O Movimento Sindical organiza, em todo o pa\u00eds, atividades para cobrar a inclus\u00e3o da categoria como grupo essencial. \u00a0 Banc\u00e1rias e banc\u00e1rios est\u00e3o na linha de frente [&hellip;]<\/p>\n","protected":false},"author":2,"featured_media":11002,"comment_status":"","ping_status":"","sticky":false,"template":"","format":"standard","meta":{"footnotes":""},"categories":[3],"tags":[],"class_list":["post-11003","post","type-post","status-publish","format-standard","has-post-thumbnail","hentry","category-noticias"],"_links":{"self":[{"href":"https:\/\/hostnetart.com.br\/baixada\/wp-json\/wp\/v2\/posts\/11003","targetHints":{"allow":["GET"]}}],"collection":[{"href":"https:\/\/hostnetart.com.br\/baixada\/wp-json\/wp\/v2\/posts"}],"about":[{"href":"https:\/\/hostnetart.com.br\/baixada\/wp-json\/wp\/v2\/types\/post"}],"author":[{"embeddable":true,"href":"https:\/\/hostnetart.com.br\/baixada\/wp-json\/wp\/v2\/users\/2"}],"replies":[{"embeddable":true,"href":"https:\/\/hostnetart.com.br\/baixada\/wp-json\/wp\/v2\/comments?post=11003"}],"version-history":[{"count":0,"href":"https:\/\/hostnetart.com.br\/baixada\/wp-json\/wp\/v2\/posts\/11003\/revisions"}],"wp:featuredmedia":[{"embeddable":true,"href":"https:\/\/hostnetart.com.br\/baixada\/wp-json\/wp\/v2\/media\/11002"}],"wp:attachment":[{"href":"https:\/\/hostnetart.com.br\/baixada\/wp-json\/wp\/v2\/media?parent=11003"}],"wp:term":[{"taxonomy":"category","embeddable":true,"href":"https:\/\/hostnetart.com.br\/baixada\/wp-json\/wp\/v2\/categories?post=11003"},{"taxonomy":"post_tag","embeddable":true,"href":"https:\/\/hostnetart.com.br\/baixada\/wp-json\/wp\/v2\/tags?post=11003"}],"curies":[{"name":"wp","href":"https:\/\/api.w.org\/{rel}","templated":true}]}}