{"id":10997,"date":"2021-05-26T03:00:10","date_gmt":"2021-05-26T06:00:10","guid":{"rendered":"https:\/\/hostnetart.com.br\/baixada\/mortes-na-categoria-fazem-bancarios-reivindicarem-prioridade-na-vacinacao\/"},"modified":"2021-05-26T03:00:10","modified_gmt":"2021-05-26T06:00:10","slug":"mortes-na-categoria-fazem-bancarios-reivindicarem-prioridade-na-vacinacao","status":"publish","type":"post","link":"https:\/\/hostnetart.com.br\/baixada\/mortes-na-categoria-fazem-bancarios-reivindicarem-prioridade-na-vacinacao\/","title":{"rendered":"Mortes na categoria fazem banc\u00e1rios reivindicarem prioridade na vacina\u00e7\u00e3o"},"content":{"rendered":"<div class=\"elementor-element elementor-element-194680ec elementor-widget elementor-widget-theme-post-content\" data-id=\"194680ec\" data-element_type=\"widget\" data-widget_type=\"theme-post-content.default\">\n<div class=\"elementor-widget-container\">\n<p>Banc\u00e1rias e banc\u00e1rios de todo o pa\u00eds realizam nesta quinta-feira (27) o Dia Nacional de Luta pela inclus\u00e3o da categoria como essencial no Plano Nacional de Vacina\u00e7\u00e3o (PNI) e por vacina para todos. A Confedera\u00e7\u00e3o Nacional dos Trabalhadores do Ramo Financeiro (Contraf-CUT), federa\u00e7\u00f5es e sindicatos v\u00e3o organizar atividades para cobrar a inclus\u00e3o da categoria como grupo essencial para a vacina\u00e7\u00e3o.<\/p>\n<p>\u201cN\u00e3o desistirmos da luta e da cobran\u00e7a de vacina pra todos j\u00e1. Os trabalhadores das atividades essenciais, como @s banc\u00e1ri@s, t\u00eam que ser inclu\u00edd@s\u00a0na prioridade da vacina j\u00e1 que o Bolsonaro n\u00e3o comprou vacina pra todos. Em todos os decretos municipais e estaduais que colocam restri\u00e7\u00e3o ao atendimento, os banc\u00e1rios e banc\u00e1rias s\u00e3o obrigados a trabalhar\u201d, lembrou a presidenta da Contraf-CUT, Juvandia Moreira.<\/p>\n<p>Uma das raz\u00f5es para a inclus\u00e3o \u00e9 o elevado n\u00famero de mortes na categoria por causa da pandemia. O Comando Nacional\u00a0d@s\u00a0Banc\u00e1ri@s\u00a0cobrou mais uma vez, nesta segunda-feira (24), que a Federa\u00e7\u00e3o Nacional dos Bancos (Fenaban) fornecesse os n\u00fameros de trabalhadores do setor que foram contagiados e tamb\u00e9m o n\u00famero de \u00f3bitos (<a href=\"https:\/\/contrafcut.com.br\/noticias\/fenaban-apresenta-proposta-de-protocolo-seguranca-contra-a-covid-19\/\">veja aqui<\/a>). No entanto, alguns n\u00fameros j\u00e1 podem ser considerados como indicadores do elevado n\u00famero de mortes na categoria.<\/p>\n<p><span style=\"text-decoration: underline;\">Mortes na categoria<\/span><\/p>\n<p>No primeiro trimestre de 2020 o n\u00famero de mortes de banc\u00e1ri@s, de acordo com o n\u00famero de desligamentos por morte de trabalhadores com carteira assinada foi de 55, pelos dados do Boletim Emprego em Pauta, elaborado pelo Departamento Intersindical de Estat\u00edstica e Estudos Socioecon\u00f4micos (Dieese). Esse n\u00famero mant\u00e9m pequenas varia\u00e7\u00f5es ano a n\u00e3o, mas no primeiro trimestre deste ano saltou para 152, crescimento de 176,4% (<a href=\"https:\/\/contrafcut.com.br\/noticias\/desligamentos-por-morte-de-celetistas-crescem-716-no-1o-tri-de-2021-mostra-dieese\/\">veja aqui<\/a>).<\/p>\n<p>As mortes de trabalhadores de todas as categorias seguem a mesma tend\u00eancia e cresceu 71,6% na compara\u00e7\u00e3o entre os primeiros trimestres de 2020 e 2021. No entanto, chama a aten\u00e7\u00e3o o salto maior verificado na categoria banc\u00e1ria, uma das que est\u00e3o no atendimento essencial \u00e0 popula\u00e7\u00e3o durante a pandemia.<\/p>\n<p><span style=\"text-decoration: underline;\">Atividades<\/span><\/p>\n<p>Na quinta-feira (27), Dia Nacional de Luta, os sindicatos da categoria banc\u00e1ria v\u00e3o divulgar a reivindica\u00e7\u00e3o, expor os riscos que banc\u00e1rios e banc\u00e1rias est\u00e3o expostos no atendimento nas ag\u00eancias. Ser\u00e3o realizadas distribui\u00e7\u00e3o de boletins, manifesta\u00e7\u00f5es nas redes sociais, uso de carros de som para explicar a necessidade de prote\u00e7\u00e3o da categoria, assim como a necessidade de vacina para todos, j\u00e1.<\/p>\n<p><strong>Fonte: Contraf-CUT<\/strong><\/p>\n<\/div>\n<\/div>\n<div class=\"elementor-element elementor-element-12fb8eb elementor-widget elementor-widget-heading\" data-id=\"12fb8eb\" data-element_type=\"widget\" data-widget_type=\"heading.default\">\u00a0<\/div>\n","protected":false},"excerpt":{"rendered":"<p>Banc\u00e1rias e banc\u00e1rios de todo o pa\u00eds realizam nesta quinta-feira (27) o Dia Nacional de Luta pela inclus\u00e3o da categoria como essencial no Plano Nacional de Vacina\u00e7\u00e3o (PNI) e por vacina para todos. A Confedera\u00e7\u00e3o Nacional dos Trabalhadores do Ramo Financeiro (Contraf-CUT), federa\u00e7\u00f5es e sindicatos v\u00e3o organizar atividades para cobrar a inclus\u00e3o da categoria como [&hellip;]<\/p>\n","protected":false},"author":2,"featured_media":10996,"comment_status":"","ping_status":"","sticky":false,"template":"","format":"standard","meta":{"footnotes":""},"categories":[3],"tags":[],"class_list":["post-10997","post","type-post","status-publish","format-standard","has-post-thumbnail","hentry","category-noticias"],"_links":{"self":[{"href":"https:\/\/hostnetart.com.br\/baixada\/wp-json\/wp\/v2\/posts\/10997","targetHints":{"allow":["GET"]}}],"collection":[{"href":"https:\/\/hostnetart.com.br\/baixada\/wp-json\/wp\/v2\/posts"}],"about":[{"href":"https:\/\/hostnetart.com.br\/baixada\/wp-json\/wp\/v2\/types\/post"}],"author":[{"embeddable":true,"href":"https:\/\/hostnetart.com.br\/baixada\/wp-json\/wp\/v2\/users\/2"}],"replies":[{"embeddable":true,"href":"https:\/\/hostnetart.com.br\/baixada\/wp-json\/wp\/v2\/comments?post=10997"}],"version-history":[{"count":0,"href":"https:\/\/hostnetart.com.br\/baixada\/wp-json\/wp\/v2\/posts\/10997\/revisions"}],"wp:featuredmedia":[{"embeddable":true,"href":"https:\/\/hostnetart.com.br\/baixada\/wp-json\/wp\/v2\/media\/10996"}],"wp:attachment":[{"href":"https:\/\/hostnetart.com.br\/baixada\/wp-json\/wp\/v2\/media?parent=10997"}],"wp:term":[{"taxonomy":"category","embeddable":true,"href":"https:\/\/hostnetart.com.br\/baixada\/wp-json\/wp\/v2\/categories?post=10997"},{"taxonomy":"post_tag","embeddable":true,"href":"https:\/\/hostnetart.com.br\/baixada\/wp-json\/wp\/v2\/tags?post=10997"}],"curies":[{"name":"wp","href":"https:\/\/api.w.org\/{rel}","templated":true}]}}