{"id":10995,"date":"2021-05-25T19:08:46","date_gmt":"2021-05-25T22:08:46","guid":{"rendered":"https:\/\/hostnetart.com.br\/baixada\/desligamentos-por-morte-de-celetistas-crescem-71-6-no-1-tri-de-2021-mostra-dieese\/"},"modified":"2021-05-25T19:08:46","modified_gmt":"2021-05-25T22:08:46","slug":"desligamentos-por-morte-de-celetistas-crescem-71-6-no-1-tri-de-2021-mostra-dieese","status":"publish","type":"post","link":"https:\/\/hostnetart.com.br\/baixada\/desligamentos-por-morte-de-celetistas-crescem-71-6-no-1-tri-de-2021-mostra-dieese\/","title":{"rendered":"Desligamentos por morte de \u2018celetistas\u2019 crescem 71,6% no 1\u00ba tri de 2021, mostra Dieese"},"content":{"rendered":"<div class=\"elementor-element elementor-element-194680ec elementor-widget elementor-widget-theme-post-content\" data-id=\"194680ec\" data-element_type=\"widget\" data-widget_type=\"theme-post-content.default\">\n<div class=\"elementor-widget-container\">\n<p>O n\u00famero de desligamentos por morte de trabalhadores com carteira assinada cresceu 71,6% na compara\u00e7\u00e3o entre os primeiros trimestres de 2020 e 2021, de acordo com o Boletim Emprego em Pauta, elaborado pelo Departamento Intersindical de Estat\u00edstica e Estudos Socioecon\u00f4micos (Dieese). Em n\u00fameros, essa porcentagem representa um aumento de 13,2 mil em 2020 para 22,6 mil em 2021. Se pegarmos os dados s\u00f3 da categoria banc\u00e1ria, esse n\u00famero \u00e9 ainda maior. O n\u00famero de desligamentos por morte saltou de 55 no primeiro trimestre de 2020 para 152 no mesmo per\u00edodo de 2021, crescimento de 176,4%.<\/p>\n<p>\u201cInfelizmente, este importante estudo do Dieese reflete nossa percep\u00e7\u00e3o do aumento da incid\u00eancia de adoecimento e morte na categoria derivado da Covid-19. Mostra a necessidade de manter e intensificar os cuidados, ainda mais, com uma nova onda sendo sinalizada pelos especialistas\u201d, afirmou Mauro Salles, secret\u00e1rio da Sa\u00fade da Confedera\u00e7\u00e3o Nacional dos Trabalhadores do Ramo Financeiro (Contraf-CUT). \u201cCobramos informa\u00e7\u00f5es dos bancos para podermos elaborar estrat\u00e9gias de preven\u00e7\u00e3o. Entretanto, os bancos est\u00e3o protelando a entrega de dados. Mas, acima de tudo, o estudo mostra a import\u00e2ncia de que nossa categoria esteja inclu\u00edda na lista de prioridades do Plano Nacional de Imuniza\u00e7\u00e3o (PNI)\u201d, completou.<\/p>\n<p>O secret\u00e1rio lembra ainda que \u201co estudo mostra as mortes, mas tamb\u00e9m estamos acompanhando as sequelas, que vemos com bastante preocupa\u00e7\u00e3o, diante da gravidade das consequ\u00eancias f\u00edsicas e psicol\u00f3gicas\u201d, finalizou.<\/p>\n<p>O Dieese destaca ainda o aumento de mortes de profissionais da sa\u00fade nos tr\u00eas primeiros meses de cada ano. A morte de m\u00e9dicos cresceu 204%, partindo de 25 para 65. Enfermeiros, 116%, de 25 para 54. Mas destacam-se tamb\u00e9m a morte de profissionais de educa\u00e7\u00e3o (106,7%), de informa\u00e7\u00e3o e comunica\u00e7\u00e3o (124,2%) e eletricidade e g\u00e1s (142,1%).<\/p>\n<p>O estudo foi elaborado a partir de dados do novo Cadastro Geral de Empregados e Desempregados (Caged) sobre o mercado formal de trabalho divulgados pelo Minist\u00e9rio da Economia. O Dieese analisou as informa\u00e7\u00f5es sobre os cancelamentos de contratos de trabalho celetista ocasionados por \u00f3bito do trabalhador entre janeiro de 2020 e mar\u00e7o de 2021. Foram comparados os dados do primeiro trimestre de 2020, que n\u00e3o teve impacto muito significativo da pandemia, com o primeiro trimestre de 2021, marcada pelo auge da segunda onda da covid-19 em mar\u00e7o.<\/p>\n<\/div>\n<\/div>\n<div class=\"elementor-element elementor-element-76b46e1 elementor-widget elementor-widget-post-info\" data-id=\"76b46e1\" data-element_type=\"widget\" data-widget_type=\"post-info.default\"><strong>Fonte: Contraf-CUT<\/strong><\/div>\n","protected":false},"excerpt":{"rendered":"<p>O n\u00famero de desligamentos por morte de trabalhadores com carteira assinada cresceu 71,6% na compara\u00e7\u00e3o entre os primeiros trimestres de 2020 e 2021, de acordo com o Boletim Emprego em Pauta, elaborado pelo Departamento Intersindical de Estat\u00edstica e Estudos Socioecon\u00f4micos (Dieese). Em n\u00fameros, essa porcentagem representa um aumento de 13,2 mil em 2020 para 22,6 [&hellip;]<\/p>\n","protected":false},"author":2,"featured_media":10994,"comment_status":"","ping_status":"","sticky":false,"template":"","format":"standard","meta":{"footnotes":""},"categories":[3],"tags":[],"class_list":["post-10995","post","type-post","status-publish","format-standard","has-post-thumbnail","hentry","category-noticias"],"_links":{"self":[{"href":"https:\/\/hostnetart.com.br\/baixada\/wp-json\/wp\/v2\/posts\/10995","targetHints":{"allow":["GET"]}}],"collection":[{"href":"https:\/\/hostnetart.com.br\/baixada\/wp-json\/wp\/v2\/posts"}],"about":[{"href":"https:\/\/hostnetart.com.br\/baixada\/wp-json\/wp\/v2\/types\/post"}],"author":[{"embeddable":true,"href":"https:\/\/hostnetart.com.br\/baixada\/wp-json\/wp\/v2\/users\/2"}],"replies":[{"embeddable":true,"href":"https:\/\/hostnetart.com.br\/baixada\/wp-json\/wp\/v2\/comments?post=10995"}],"version-history":[{"count":0,"href":"https:\/\/hostnetart.com.br\/baixada\/wp-json\/wp\/v2\/posts\/10995\/revisions"}],"wp:featuredmedia":[{"embeddable":true,"href":"https:\/\/hostnetart.com.br\/baixada\/wp-json\/wp\/v2\/media\/10994"}],"wp:attachment":[{"href":"https:\/\/hostnetart.com.br\/baixada\/wp-json\/wp\/v2\/media?parent=10995"}],"wp:term":[{"taxonomy":"category","embeddable":true,"href":"https:\/\/hostnetart.com.br\/baixada\/wp-json\/wp\/v2\/categories?post=10995"},{"taxonomy":"post_tag","embeddable":true,"href":"https:\/\/hostnetart.com.br\/baixada\/wp-json\/wp\/v2\/tags?post=10995"}],"curies":[{"name":"wp","href":"https:\/\/api.w.org\/{rel}","templated":true}]}}