{"id":10991,"date":"2021-05-25T03:33:49","date_gmt":"2021-05-25T06:33:49","guid":{"rendered":"https:\/\/hostnetart.com.br\/baixada\/fenaban-apresenta-proposta-de-protocolo-seguranca-contra-a-covid-19\/"},"modified":"2021-05-25T03:33:49","modified_gmt":"2021-05-25T06:33:49","slug":"fenaban-apresenta-proposta-de-protocolo-seguranca-contra-a-covid-19","status":"publish","type":"post","link":"https:\/\/hostnetart.com.br\/baixada\/fenaban-apresenta-proposta-de-protocolo-seguranca-contra-a-covid-19\/","title":{"rendered":"Fenaban apresenta proposta de protocolo seguran\u00e7a contra a Covid-19"},"content":{"rendered":"<p>Em reuni\u00e3o nesta segunda-feira (24), a Federa\u00e7\u00e3o Nacional dos Bancos (Fenaban) apresentou para o Comando Nacional\u00a0d@s\u00a0Banc\u00e1ri@s\u00a0uma proposta de protocolo de seguran\u00e7a unificado para orientar a preven\u00e7\u00e3o contra a Covid -19. No encontro, o Comando cobrou mais uma vez que os bancos pressionem o governo federal para incluir a categoria banc\u00e1ria no Plano Nacional de Imuniza\u00e7\u00e3o (PNI). Para tanto, na pr\u00f3xima quinta-feira (27) ser\u00e1 realizado tamb\u00e9m o Dia Nacional de Luta pela inclus\u00e3o da categoria como essencial no PNI e por vacina para todos.<\/p>\n<p>\u201cO protocolo nacional ajuda a equalizar as informa\u00e7\u00f5es do sistema, a dar um norte para os procedimentos locais. \u00c9 importante uniformizar, porque as vezes chegamos em um banco e falta um item nas normas de seguran\u00e7a, em outro banco, n\u00e3o tem. Temos que ter um m\u00ednimo de padr\u00e3o\u201d, explicou a coordenadora do Comando Nacional e presidenta da Confedera\u00e7\u00e3o Nacional dos Trabalhadores do Ramo Financeiro (Contraf-CUT), Juvandia Moreira.<\/p>\n<p>A proposta de protocolo apresentada pela Fenaban \u00e9 produto de um ano de debates e negocia\u00e7\u00f5es com o Comando Nacional, que durante todo o tempo cobrou normas padronizadas para garantir a seguran\u00e7a de banc\u00e1rios e banc\u00e1rias em todo o pa\u00eds. A minuta dos bancos estabelece o fornecimento de Equipamentos de Prote\u00e7\u00e3o Individual (EPIs), como m\u00e1scara, al\u00e9m de procedimentos como desinfec\u00e7\u00e3o de ag\u00eancias e outros locais de trabalho em casos de cont\u00e1gio.<\/p>\n<p><span style=\"text-decoration: underline;\">Vacina\u00e7\u00e3o<\/span><\/p>\n<p>Mais uma vez, o Comando Nacional cobrou as a\u00e7\u00f5es que os bancos est\u00e3o fazendo para pressionar o governo federal para incluir a categoria banc\u00e1ria como essencial e priorit\u00e1ria no PNI. \u201cEm todos os decretos municipais e estaduais est\u00e1 o funcionamento das ag\u00eancias banc\u00e1rias. \u00c9 contradit\u00f3rio obrigar uma categoria a trabalhar e n\u00e3o a incluir como essencial no PNI. Os bancos t\u00eam influ\u00eancia para fazer suas pautas e essa, que \u00e9 uma pauta justa e urgente, eles n\u00e3o t\u00eam for\u00e7a para colocar?\u201d, questionou Juvandia Moreira.<\/p>\n<p>Outra cobran\u00e7a feita aos bancos foram os dados do n\u00famero de mortes na categoria por causa da Covid-19 e tamb\u00e9m o de cont\u00e1gios, que a Fenaban prometeu fornecer nos pr\u00f3ximos dias. \u201cQueremos utilizar esses dados para cobrar do Minist\u00e9rio da Sa\u00fade a inclus\u00e3o da categoria como prioridade no PNI. Vamos mandar um of\u00edcio para pedir uma reuni\u00e3o com o Minist\u00e9rio para tratar do tema. J\u00e1 mandamos outro of\u00edcio, mas teve a mudan\u00e7a de ministro. Agora, vamos mandar um of\u00edcio novamente, reiterando e pedindo uma reuni\u00e3o. Se a gente n\u00e3o conseguir a reuni\u00e3o, vamos avaliar entrar na Justi\u00e7a\u201d, afirmou a coordenadora do Comando Nacional.<\/p>\n<p><strong>Fonte: Contraf-CUT<\/strong><\/p>\n","protected":false},"excerpt":{"rendered":"<p>Em reuni\u00e3o nesta segunda-feira (24), a Federa\u00e7\u00e3o Nacional dos Bancos (Fenaban) apresentou para o Comando Nacional\u00a0d@s\u00a0Banc\u00e1ri@s\u00a0uma proposta de protocolo de seguran\u00e7a unificado para orientar a preven\u00e7\u00e3o contra a Covid -19. No encontro, o Comando cobrou mais uma vez que os bancos pressionem o governo federal para incluir a categoria banc\u00e1ria no Plano Nacional de Imuniza\u00e7\u00e3o [&hellip;]<\/p>\n","protected":false},"author":2,"featured_media":10990,"comment_status":"","ping_status":"","sticky":false,"template":"","format":"standard","meta":{"footnotes":""},"categories":[3],"tags":[],"class_list":["post-10991","post","type-post","status-publish","format-standard","has-post-thumbnail","hentry","category-noticias"],"_links":{"self":[{"href":"https:\/\/hostnetart.com.br\/baixada\/wp-json\/wp\/v2\/posts\/10991","targetHints":{"allow":["GET"]}}],"collection":[{"href":"https:\/\/hostnetart.com.br\/baixada\/wp-json\/wp\/v2\/posts"}],"about":[{"href":"https:\/\/hostnetart.com.br\/baixada\/wp-json\/wp\/v2\/types\/post"}],"author":[{"embeddable":true,"href":"https:\/\/hostnetart.com.br\/baixada\/wp-json\/wp\/v2\/users\/2"}],"replies":[{"embeddable":true,"href":"https:\/\/hostnetart.com.br\/baixada\/wp-json\/wp\/v2\/comments?post=10991"}],"version-history":[{"count":0,"href":"https:\/\/hostnetart.com.br\/baixada\/wp-json\/wp\/v2\/posts\/10991\/revisions"}],"wp:featuredmedia":[{"embeddable":true,"href":"https:\/\/hostnetart.com.br\/baixada\/wp-json\/wp\/v2\/media\/10990"}],"wp:attachment":[{"href":"https:\/\/hostnetart.com.br\/baixada\/wp-json\/wp\/v2\/media?parent=10991"}],"wp:term":[{"taxonomy":"category","embeddable":true,"href":"https:\/\/hostnetart.com.br\/baixada\/wp-json\/wp\/v2\/categories?post=10991"},{"taxonomy":"post_tag","embeddable":true,"href":"https:\/\/hostnetart.com.br\/baixada\/wp-json\/wp\/v2\/tags?post=10991"}],"curies":[{"name":"wp","href":"https:\/\/api.w.org\/{rel}","templated":true}]}}