{"id":1099,"date":"2014-05-02T00:00:00","date_gmt":"2014-05-02T03:00:00","guid":{"rendered":"https:\/\/hostnetart.com.br\/baixada\/cut-cobra-reducao-da-jornada-para-40h-e-fim-do-fator-previdenciario\/"},"modified":"2014-05-02T00:00:00","modified_gmt":"2014-05-02T03:00:00","slug":"cut-cobra-reducao-da-jornada-para-40h-e-fim-do-fator-previdenciario","status":"publish","type":"post","link":"https:\/\/hostnetart.com.br\/baixada\/cut-cobra-reducao-da-jornada-para-40h-e-fim-do-fator-previdenciario\/","title":{"rendered":"CUT cobra redu\u00e7\u00e3o da jornada para 40h e fim do fator previdenci\u00e1rio"},"content":{"rendered":"<p>Os trabalhadores cobraram e a presidenta Dilma Rousseff atendeu parte da pauta que a CUT e as demais centrais sindicais levaram \u00e0 8\u00aa Marcha da Classe Trabalhadora, no dia 9 de abril.<\/p>\n<p>Durante pronunciamento em cadeia de r\u00e1dio e TV na noite desta quarta-feira (30), Dilma anunciou a corre\u00e7\u00e3o da tabela do imposto de renda (IR), que ser\u00e1 de 4,5%, e a manuten\u00e7\u00e3o da pol\u00edtica de valoriza\u00e7\u00e3o do sal\u00e1rio m\u00ednimo.<\/p>\n<p>Para o presidente nacional da CUT, Vagner Freitas, que participou da celebra\u00e7\u00e3o do 1\u00ba de Maio da CUT-SP, no Vale do Anhangaba\u00fa, o an\u00fancio foi \u201cexcepcional\u201d e apontou a import\u00e2ncia das medidas para o bolso dos trabalhadores.<\/p>\n<p>\u201cQuem paga imposto no Brasil \u00e9 o trabalhador e a corre\u00e7\u00e3o da tabela do IR impede que o \u201cLe\u00e3o\u201d fique com os aumentos reais que conquistamos nas campanhas salariais e com o valor da PLR (Participa\u00e7\u00e3o nos Lucros e Resultados\u201d, afirmou.<\/p>\n<p>Sobre a manuten\u00e7\u00e3o da pol\u00edtica de valoriza\u00e7\u00e3o do m\u00ednimo, Vagner ressaltou que a postura da presidenta representa tamb\u00e9m um enfrentamento a uma corrente conservadora que defende o aumento do sal\u00e1rio como estopim para a eleva\u00e7\u00e3o da infla\u00e7\u00e3o.<\/p>\n<p>\u201cH\u00e1 uma guerra hoje no Brasil encampada por pol\u00edticos atrasados e candidatos financiados pelos bancos e pelos empres\u00e1rios em defesa dessa conquista da classe trabalhadora. E a Dilma disse que no governo dela a eleva\u00e7\u00e3o do m\u00ednimo, como defendemos, continua\u201d, ressaltou.<\/p>\n<p>O dirigente alerta, por\u00e9m, que a press\u00e3o das centrais continuar\u00e1 em defesa de outros dois pontos considerados priorit\u00e1rios pelos trabalhadores: a redu\u00e7\u00e3o da jornada de trabalho para 40 horas semanais sem redu\u00e7\u00e3o de sal\u00e1rio e o fim do fator previdenci\u00e1rio.<\/p>\n<p>Ambos os pontos foram discutidos na ter\u00e7a-feria (29) com o presidente da C\u00e2mara dos Deputados, Henrique Alves (PMDB-RN). Ficou definido que uma audi\u00eancia na Comiss\u00e3o Geral do Trabalho da Casa discutir as reivindica\u00e7\u00f5es trabalhistas.<\/p>\n<p>\u201cA redu\u00e7\u00e3o da jornada vai gerar mais empregos e permitir melhor a qualifica\u00e7\u00e3o, porque vai sobrar mais tempo para o trabalhador estudar. Enquanto o fim do fator \u00e9 essencial para corrigir uma injusti\u00e7a, a queda da renda do trabalhador que se aposenta justamente no per\u00edodo em que mais precisa e ap\u00f3s ter contribu\u00eddo por anos coma constru\u00e7\u00e3o do pa\u00eds.\u201d<\/p>\n<p>Questionado sobre a postura do governo na negocia\u00e7\u00e3o no governo, Vagner disse que o Executivo entende que o momento n\u00e3o \u00e9 prop\u00edcio e rebateu a alega\u00e7\u00e3o de quem defende a necessidade da medida como mecanismo para n\u00e3o quebrar a Previd\u00eancia.<\/p>\n<p>\u201cO governo diz que a mudan\u00e7a agora n\u00e3o seria uma boa sinaliza\u00e7\u00e3o para o mercado, mas n\u00e3o concordamos. Essa \u00e9 uma heran\u00e7a maldita do per\u00edodo FHC e por isso vamos fazer mobiliza\u00e7\u00e3o para mudar, porque quem quebra a Previd\u00eancia n\u00e3o \u00e9 o fim do fator e sim fazer desonera\u00e7\u00e3o sem contrapartida das empresas de n\u00e3o demitir. A rotatividade acaba por aumentar o custo do seguro-desemprego e isso sim impacta na Previd\u00eancia\u201d, defendeu.<\/p>\n<p><strong>Cultura e luta\u00a0<\/strong><\/p>\n<p>Com o tema \u201cComunica\u00e7\u00e3o: o desafio do s\u00e9culo\u201d, a celebra\u00e7\u00e3o do 1\u00ba de Maio da CUT-SP na regi\u00e3o central da capital paulista, ter\u00e1 teatro e shows at\u00e9 as 20h deste s\u00e1bado.<\/p>\n<p>Para o presidente da Central paulista, Adi dos Santos Lima, o casamento entre a cultura e a reflex\u00e3o sobre as pautas trabalhistas \u00e9 perfeito e permite a aproxima\u00e7\u00e3o com a sociedade para discutir temas que muitas vezes n\u00e3o s\u00e3o tratados pelos grandes meios de comunica\u00e7\u00e3o.<\/p>\n<p>\u201cAno ap\u00f3s ano, com o 1\u00ba de Maio damos um recado aos empres\u00e1rios de que nossas reivindica\u00e7\u00f5es est\u00e3o fortalecidas. Essa \u00e9 uma oportunidade \u00fanica para conversar com a popula\u00e7\u00e3o e fazer com que nossa pauta tenha maior impacto no di\u00e1logo com os patr\u00f5es\u201d, avaliou.<\/p>\n<p><strong>Democratizar a comunica\u00e7\u00e3o<\/strong><\/p>\n<p>Tamb\u00e9m presente na celebra\u00e7\u00e3o, o secret\u00e1rio-geral da CUT Nacional, S\u00e9rgio Nobre, afirmou que um dos grandes desafios da classe trabalhadora \u00e9 a democratiza\u00e7\u00e3o dos meios de comunica\u00e7\u00e3o. Para ele, a m\u00eddia representa apenas os interesses de grupos minorit\u00e1rios controlados por seis fam\u00edlias.<\/p>\n<p>\u201cA classe trabalhadora e os movimentos sindical e social contribu\u00edram com a hist\u00f3ria de nosso pa\u00eds, mas n\u00e3o s\u00e3o apresentados nos r\u00e1dios, nas televis\u00f5es e nos jornais. Fazemos lutas para melhorar as condi\u00e7\u00f5es de trabalho e, no entanto, ainda estamos somos invisibilizados\u201d, disse Nobre.<\/p>\n<p>Em Portugal, falou o dirigente, as centrais sindicais t\u00eam dois per\u00edodos ao longo do ano para falar em cadeia nacional e mostrar aquilo que o movimento sindical pensa. \u201cPor que isso n\u00e3o \u00e9 poss\u00edvel no Brasil?\u201d, questiona.<\/p>\n<p>Nobre citou a import\u00e2ncia da TVT, constru\u00edda pelo movimento sindical cutista. \u201c\u00c9 o mais extraordin\u00e1rio projeto que classe trabalhadora produziu na sua hist\u00f3ria de comunica\u00e7\u00e3o. A televis\u00e3o atinge de forma mais r\u00e1pida a maior parte da popula\u00e7\u00e3o. Por isso, o movimento sindical precisa abra\u00e7ar este iniciativa que tem se consolidado e fazer dela em 10 ou 15 anos a maior emissora de TV no Brasil. Temos muita esperan\u00e7a que isso vai acontecer\u201d.<\/p>\n<p>Fonte: Luiz Carvalho e Vanessa Ramos \u2013 CUT<\/p>\n","protected":false},"excerpt":{"rendered":"<p>Os trabalhadores cobraram e a presidenta Dilma Rousseff atendeu parte da pauta que a CUT e as demais centrais sindicais levaram \u00e0 8\u00aa Marcha da Classe Trabalhadora, no dia 9 de abril. Durante pronunciamento em cadeia de r\u00e1dio e TV na noite desta quarta-feira (30), Dilma anunciou a corre\u00e7\u00e3o da tabela do imposto de renda [&hellip;]<\/p>\n","protected":false},"author":1,"featured_media":0,"comment_status":"","ping_status":"","sticky":false,"template":"","format":"standard","meta":{"footnotes":""},"categories":[3],"tags":[],"class_list":["post-1099","post","type-post","status-publish","format-standard","hentry","category-noticias"],"_links":{"self":[{"href":"https:\/\/hostnetart.com.br\/baixada\/wp-json\/wp\/v2\/posts\/1099","targetHints":{"allow":["GET"]}}],"collection":[{"href":"https:\/\/hostnetart.com.br\/baixada\/wp-json\/wp\/v2\/posts"}],"about":[{"href":"https:\/\/hostnetart.com.br\/baixada\/wp-json\/wp\/v2\/types\/post"}],"author":[{"embeddable":true,"href":"https:\/\/hostnetart.com.br\/baixada\/wp-json\/wp\/v2\/users\/1"}],"replies":[{"embeddable":true,"href":"https:\/\/hostnetart.com.br\/baixada\/wp-json\/wp\/v2\/comments?post=1099"}],"version-history":[{"count":0,"href":"https:\/\/hostnetart.com.br\/baixada\/wp-json\/wp\/v2\/posts\/1099\/revisions"}],"wp:attachment":[{"href":"https:\/\/hostnetart.com.br\/baixada\/wp-json\/wp\/v2\/media?parent=1099"}],"wp:term":[{"taxonomy":"category","embeddable":true,"href":"https:\/\/hostnetart.com.br\/baixada\/wp-json\/wp\/v2\/categories?post=1099"},{"taxonomy":"post_tag","embeddable":true,"href":"https:\/\/hostnetart.com.br\/baixada\/wp-json\/wp\/v2\/tags?post=1099"}],"curies":[{"name":"wp","href":"https:\/\/api.w.org\/{rel}","templated":true}]}}